{"id":1736,"date":"2025-07-18T14:38:57","date_gmt":"2025-07-18T12:38:57","guid":{"rendered":"https:\/\/www.gunthergelatoitaliano.com\/?p=1736"},"modified":"2025-09-18T14:39:25","modified_gmt":"2025-09-18T12:39:25","slug":"sommerkollektion-2025-juli-wassermelone-und-buffelmilch-mit-kakaoguss-und-sauerkirschsauce","status":"publish","type":"post","link":"https:\/\/www.gunthergelatoitaliano.com\/de\/2025\/07\/18\/collezione-estiva-2025-luglio-cocomero-e-latte-di-bufala-con-grue-di-cacao-e-salsa-di-amarene\/","title":{"rendered":"Sommerkollektion 2025, Juli: Wassermelone und B\u00fcffelmilch mit Kakaoguss und Sauerkirschsauce"},"content":{"rendered":"<p>Gunther celebra i mesi pi\u00f9 caldi dell\u2019anno con i nuovi protagonisti della sua Collezione Estiva Luglio 2025: due creazioni fresche e sorprendenti, pensate per esaltare al massimo i sapori autentici della stagione.<\/p>\n<h3>Wassermelone<\/h3>\n<p>Fresco, essenziale, naturale. Un sorbetto a base acqua preparato con cocomeri freschi laziali di prima scelta, acqua Plose delle Dolomiti e un tocco leggero di zucchero. Un gusto pensato per raccontare l\u2019estate nella sua forma pi\u00f9 genuina, dissetante e naturale.<\/p>\n<p>Probieren Sie es mit Tiffany Rose.<\/p>\n<p><img fetchpriority=\"high\" decoding=\"async\" class=\"alignnone wp-image-1739\" src=\"https:\/\/www.gunthergelatoitaliano.com\/wp-content\/uploads\/2025\/09\/250625-Gunther-42-300x200.jpg\" alt=\"\" width=\"519\" height=\"346\" srcset=\"https:\/\/www.gunthergelatoitaliano.com\/wp-content\/uploads\/2025\/09\/250625-Gunther-42-300x200.jpg 300w, https:\/\/www.gunthergelatoitaliano.com\/wp-content\/uploads\/2025\/09\/250625-Gunther-42-1024x683.jpg 1024w, https:\/\/www.gunthergelatoitaliano.com\/wp-content\/uploads\/2025\/09\/250625-Gunther-42-768x512.jpg 768w, https:\/\/www.gunthergelatoitaliano.com\/wp-content\/uploads\/2025\/09\/250625-Gunther-42-1536x1024.jpg 1536w, https:\/\/www.gunthergelatoitaliano.com\/wp-content\/uploads\/2025\/09\/250625-Gunther-42-2048x1366.jpg 2048w, https:\/\/www.gunthergelatoitaliano.com\/wp-content\/uploads\/2025\/09\/250625-Gunther-42-18x12.jpg 18w\" sizes=\"(max-width: 519px) 100vw, 519px\" \/><\/p>\n<h3>B\u00fcffelmilch mit Kakaoguss und Sauerkirschsauce<\/h3>\n<p>Un gelato che combina la cremosit\u00e0 autentica del latte di bufala con la nota decisa del gru\u00e9 di cacao. A rendere il tutto ancora pi\u00f9 speciale, una salsa di amarene fatta in casa che dona equilibrio e golosit\u00e0. Un gelato imperdibile!<\/p>\n<p>Probieren Sie es mit Pfirsich-Sorbet.<\/p>\n<p><img decoding=\"async\" class=\"alignnone wp-image-1740\" src=\"https:\/\/www.gunthergelatoitaliano.com\/wp-content\/uploads\/2025\/09\/250625-Gunther-14-300x200.jpg\" alt=\"\" width=\"509\" height=\"339\" srcset=\"https:\/\/www.gunthergelatoitaliano.com\/wp-content\/uploads\/2025\/09\/250625-Gunther-14-300x200.jpg 300w, https:\/\/www.gunthergelatoitaliano.com\/wp-content\/uploads\/2025\/09\/250625-Gunther-14-1024x683.jpg 1024w, https:\/\/www.gunthergelatoitaliano.com\/wp-content\/uploads\/2025\/09\/250625-Gunther-14-768x512.jpg 768w, https:\/\/www.gunthergelatoitaliano.com\/wp-content\/uploads\/2025\/09\/250625-Gunther-14-1536x1025.jpg 1536w, https:\/\/www.gunthergelatoitaliano.com\/wp-content\/uploads\/2025\/09\/250625-Gunther-14-2048x1366.jpg 2048w, https:\/\/www.gunthergelatoitaliano.com\/wp-content\/uploads\/2025\/09\/250625-Gunther-14-18x12.jpg 18w\" sizes=\"(max-width: 509px) 100vw, 509px\" \/><\/p>","protected":false},"excerpt":{"rendered":"<p>Gunther celebra i mesi pi\u00f9 caldi dell\u2019anno con i nuovi protagonisti della sua Collezione Estiva Luglio 2025: due creazioni fresche e sorprendenti, pensate per esaltare al massimo i sapori autentici della stagione. Cocomero Fresco, essenziale, naturale. Un sorbetto a base acqua preparato con cocomeri freschi laziali di prima scelta, acqua Plose delle Dolomiti e un [&hellip;]<\/p>\n","protected":false},"author":2,"featured_media":1739,"comment_status":"closed","ping_status":"closed","sticky":false,"template":"","format":"standard","meta":{"_acf_changed":false,"footnotes":""},"categories":[1],"tags":[],"class_list":["post-1736","post","type-post","status-publish","format-standard","has-post-thumbnail","hentry","category-news"],"acf":[],"yoast_head":"<!-- This site is optimized with the Yoast SEO plugin v28.4 - https:\/\/yoast.com\/product\/yoast-seo-wordpress\/ -->\n<title>Collezione Estiva 2025, Luglio: Cocomero e Latte di Bufala con Grue di cacao e salsa di amarene - Gunther<\/title>\n<meta name=\"robots\" content=\"index, follow, max-snippet:-1, max-image-preview:large, max-video-preview:-1\" \/>\n<link rel=\"canonical\" href=\"https:\/\/www.gunthergelatoitaliano.com\/de\/2025\/07\/18\/sommerkollektion-2025-juli-wassermelone-und-buffelmilch-mit-kakaoguss-und-sauerkirschsauce\/\" \/>\n<meta property=\"og:locale\" content=\"de_DE\" \/>\n<meta property=\"og:type\" content=\"article\" \/>\n<meta property=\"og:title\" content=\"Collezione Estiva 2025, Luglio: Cocomero e Latte di Bufala con Grue di cacao e salsa di amarene - Gunther\" \/>\n<meta property=\"og:description\" content=\"Gunther celebra i mesi pi\u00f9 caldi dell\u2019anno con i nuovi protagonisti della sua Collezione Estiva Luglio 2025: due creazioni fresche e sorprendenti, pensate per esaltare al massimo i sapori autentici della stagione. Cocomero Fresco, essenziale, naturale. Un sorbetto a base acqua preparato con cocomeri freschi laziali di prima scelta, acqua Plose delle Dolomiti e un [&hellip;]\" \/>\n<meta property=\"og:url\" content=\"https:\/\/www.gunthergelatoitaliano.com\/de\/2025\/07\/18\/sommerkollektion-2025-juli-wassermelone-und-buffelmilch-mit-kakaoguss-und-sauerkirschsauce\/\" \/>\n<meta property=\"og:site_name\" content=\"Gunther\" \/>\n<meta property=\"article:published_time\" content=\"2025-07-18T12:38:57+00:00\" \/>\n<meta property=\"article:modified_time\" content=\"2025-09-18T12:39:25+00:00\" \/>\n<meta property=\"og:image\" content=\"https:\/\/www.gunthergelatoitaliano.com\/wp-content\/uploads\/2025\/09\/250625-Gunther-42-scaled.jpg\" \/>\n\t<meta property=\"og:image:width\" content=\"2560\" \/>\n\t<meta property=\"og:image:height\" content=\"1707\" \/>\n\t<meta property=\"og:image:type\" content=\"image\/jpeg\" \/>\n<meta name=\"author\" content=\"Redazione\" \/>\n<meta name=\"twitter:card\" content=\"summary_large_image\" \/>\n<meta name=\"twitter:label1\" content=\"Verfasst von\" \/>\n\t<meta name=\"twitter:data1\" content=\"Redazione\" \/>\n\t<meta name=\"twitter:label2\" content=\"Gesch\u00e4tzte Lesezeit\" \/>\n\t<meta name=\"twitter:data2\" content=\"2\u00a0Minuten\" \/>\n<script type=\"application\/ld+json\" class=\"yoast-schema-graph\">{\"@context\":\"https:\\\/\\\/schema.org\",\"@graph\":[{\"@type\":\"Article\",\"@id\":\"https:\\\/\\\/www.gunthergelatoitaliano.com\\\/2025\\\/07\\\/18\\\/collezione-estiva-2025-luglio-cocomero-e-latte-di-bufala-con-grue-di-cacao-e-salsa-di-amarene\\\/#article\",\"isPartOf\":{\"@id\":\"https:\\\/\\\/www.gunthergelatoitaliano.com\\\/2025\\\/07\\\/18\\\/collezione-estiva-2025-luglio-cocomero-e-latte-di-bufala-con-grue-di-cacao-e-salsa-di-amarene\\\/\"},\"author\":{\"name\":\"Redazione\",\"@id\":\"https:\\\/\\\/www.gunthergelatoitaliano.com\\\/#\\\/schema\\\/person\\\/ac381fae6200c2cede448ed33ddc21a0\"},\"headline\":\"Collezione Estiva 2025, Luglio: Cocomero e Latte di Bufala con Grue di cacao e salsa di amarene\",\"datePublished\":\"2025-07-18T12:38:57+00:00\",\"dateModified\":\"2025-09-18T12:39:25+00:00\",\"mainEntityOfPage\":{\"@id\":\"https:\\\/\\\/www.gunthergelatoitaliano.com\\\/2025\\\/07\\\/18\\\/collezione-estiva-2025-luglio-cocomero-e-latte-di-bufala-con-grue-di-cacao-e-salsa-di-amarene\\\/\"},\"wordCount\":156,\"publisher\":{\"@id\":\"https:\\\/\\\/www.gunthergelatoitaliano.com\\\/#organization\"},\"image\":{\"@id\":\"https:\\\/\\\/www.gunthergelatoitaliano.com\\\/2025\\\/07\\\/18\\\/collezione-estiva-2025-luglio-cocomero-e-latte-di-bufala-con-grue-di-cacao-e-salsa-di-amarene\\\/#primaryimage\"},\"thumbnailUrl\":\"https:\\\/\\\/www.gunthergelatoitaliano.com\\\/wp-content\\\/uploads\\\/2025\\\/09\\\/250625-Gunther-42-scaled.jpg\",\"articleSection\":[\"News\"],\"inLanguage\":\"de\"},{\"@type\":\"WebPage\",\"@id\":\"https:\\\/\\\/www.gunthergelatoitaliano.com\\\/2025\\\/07\\\/18\\\/collezione-estiva-2025-luglio-cocomero-e-latte-di-bufala-con-grue-di-cacao-e-salsa-di-amarene\\\/\",\"url\":\"https:\\\/\\\/www.gunthergelatoitaliano.com\\\/2025\\\/07\\\/18\\\/collezione-estiva-2025-luglio-cocomero-e-latte-di-bufala-con-grue-di-cacao-e-salsa-di-amarene\\\/\",\"name\":\"Collezione Estiva 2025, Luglio: Cocomero e Latte di Bufala con Grue di cacao e salsa di amarene - Gunther\",\"isPartOf\":{\"@id\":\"https:\\\/\\\/www.gunthergelatoitaliano.com\\\/#website\"},\"primaryImageOfPage\":{\"@id\":\"https:\\\/\\\/www.gunthergelatoitaliano.com\\\/2025\\\/07\\\/18\\\/collezione-estiva-2025-luglio-cocomero-e-latte-di-bufala-con-grue-di-cacao-e-salsa-di-amarene\\\/#primaryimage\"},\"image\":{\"@id\":\"https:\\\/\\\/www.gunthergelatoitaliano.com\\\/2025\\\/07\\\/18\\\/collezione-estiva-2025-luglio-cocomero-e-latte-di-bufala-con-grue-di-cacao-e-salsa-di-amarene\\\/#primaryimage\"},\"thumbnailUrl\":\"https:\\\/\\\/www.gunthergelatoitaliano.com\\\/wp-content\\\/uploads\\\/2025\\\/09\\\/250625-Gunther-42-scaled.jpg\",\"datePublished\":\"2025-07-18T12:38:57+00:00\",\"dateModified\":\"2025-09-18T12:39:25+00:00\",\"breadcrumb\":{\"@id\":\"https:\\\/\\\/www.gunthergelatoitaliano.com\\\/2025\\\/07\\\/18\\\/collezione-estiva-2025-luglio-cocomero-e-latte-di-bufala-con-grue-di-cacao-e-salsa-di-amarene\\\/#breadcrumb\"},\"inLanguage\":\"de\",\"potentialAction\":[{\"@type\":\"ReadAction\",\"target\":[\"https:\\\/\\\/www.gunthergelatoitaliano.com\\\/2025\\\/07\\\/18\\\/collezione-estiva-2025-luglio-cocomero-e-latte-di-bufala-con-grue-di-cacao-e-salsa-di-amarene\\\/\"]}]},{\"@type\":\"ImageObject\",\"inLanguage\":\"de\",\"@id\":\"https:\\\/\\\/www.gunthergelatoitaliano.com\\\/2025\\\/07\\\/18\\\/collezione-estiva-2025-luglio-cocomero-e-latte-di-bufala-con-grue-di-cacao-e-salsa-di-amarene\\\/#primaryimage\",\"url\":\"https:\\\/\\\/www.gunthergelatoitaliano.com\\\/wp-content\\\/uploads\\\/2025\\\/09\\\/250625-Gunther-42-scaled.jpg\",\"contentUrl\":\"https:\\\/\\\/www.gunthergelatoitaliano.com\\\/wp-content\\\/uploads\\\/2025\\\/09\\\/250625-Gunther-42-scaled.jpg\",\"width\":2560,\"height\":1707},{\"@type\":\"BreadcrumbList\",\"@id\":\"https:\\\/\\\/www.gunthergelatoitaliano.com\\\/2025\\\/07\\\/18\\\/collezione-estiva-2025-luglio-cocomero-e-latte-di-bufala-con-grue-di-cacao-e-salsa-di-amarene\\\/#breadcrumb\",\"itemListElement\":[{\"@type\":\"ListItem\",\"position\":1,\"name\":\"Home\",\"item\":\"https:\\\/\\\/www.gunthergelatoitaliano.com\\\/\"},{\"@type\":\"ListItem\",\"position\":2,\"name\":\"Collezione Estiva 2025, Luglio: Cocomero e Latte di Bufala con Grue di cacao e salsa di amarene\"}]},{\"@type\":\"WebSite\",\"@id\":\"https:\\\/\\\/www.gunthergelatoitaliano.com\\\/#website\",\"url\":\"https:\\\/\\\/www.gunthergelatoitaliano.com\\\/\",\"name\":\"Gunther\",\"description\":\"Gelato Italiano\",\"publisher\":{\"@id\":\"https:\\\/\\\/www.gunthergelatoitaliano.com\\\/#organization\"},\"potentialAction\":[{\"@type\":\"SearchAction\",\"target\":{\"@type\":\"EntryPoint\",\"urlTemplate\":\"https:\\\/\\\/www.gunthergelatoitaliano.com\\\/?s={search_term_string}\"},\"query-input\":{\"@type\":\"PropertyValueSpecification\",\"valueRequired\":true,\"valueName\":\"search_term_string\"}}],\"inLanguage\":\"de\"},{\"@type\":\"Organization\",\"@id\":\"https:\\\/\\\/www.gunthergelatoitaliano.com\\\/#organization\",\"name\":\"Gunther\",\"url\":\"https:\\\/\\\/www.gunthergelatoitaliano.com\\\/\",\"logo\":{\"@type\":\"ImageObject\",\"inLanguage\":\"de\",\"@id\":\"https:\\\/\\\/www.gunthergelatoitaliano.com\\\/#\\\/schema\\\/logo\\\/image\\\/\",\"url\":\"https:\\\/\\\/www.gunthergelatoitaliano.com\\\/wp-content\\\/uploads\\\/2025\\\/03\\\/Gunther-Logo-_0000_black.png\",\"contentUrl\":\"https:\\\/\\\/www.gunthergelatoitaliano.com\\\/wp-content\\\/uploads\\\/2025\\\/03\\\/Gunther-Logo-_0000_black.png\",\"width\":2000,\"height\":2000,\"caption\":\"Gunther\"},\"image\":{\"@id\":\"https:\\\/\\\/www.gunthergelatoitaliano.com\\\/#\\\/schema\\\/logo\\\/image\\\/\"}},{\"@type\":\"Person\",\"@id\":\"https:\\\/\\\/www.gunthergelatoitaliano.com\\\/#\\\/schema\\\/person\\\/ac381fae6200c2cede448ed33ddc21a0\",\"name\":\"Redazione\",\"image\":{\"@type\":\"ImageObject\",\"inLanguage\":\"de\",\"@id\":\"https:\\\/\\\/secure.gravatar.com\\\/avatar\\\/85d074ba16e4f7974bb1a43f60319dbeba027ebf86f67088bd56822e795db391?s=96&d=mm&r=g\",\"url\":\"https:\\\/\\\/secure.gravatar.com\\\/avatar\\\/85d074ba16e4f7974bb1a43f60319dbeba027ebf86f67088bd56822e795db391?s=96&d=mm&r=g\",\"contentUrl\":\"https:\\\/\\\/secure.gravatar.com\\\/avatar\\\/85d074ba16e4f7974bb1a43f60319dbeba027ebf86f67088bd56822e795db391?s=96&d=mm&r=g\",\"caption\":\"Redazione\"},\"url\":\"https:\\\/\\\/www.gunthergelatoitaliano.com\\\/de\\\/author\\\/redazione\\\/\"}]}<\/script>\n<!-- \/ Yoast SEO plugin. -->","yoast_head_json":{"title":"Sommerkollektion 2025, Juli: Wassermelone und B\u00fcffelmilch mit Kakaoguss und Schwarzkirschsauce - Gunther","robots":{"index":"index","follow":"follow","max-snippet":"max-snippet:-1","max-image-preview":"max-image-preview:large","max-video-preview":"max-video-preview:-1"},"canonical":"https:\/\/www.gunthergelatoitaliano.com\/de\/2025\/07\/18\/sommerkollektion-2025-juli-wassermelone-und-buffelmilch-mit-kakaoguss-und-sauerkirschsauce\/","og_locale":"de_DE","og_type":"article","og_title":"Collezione Estiva 2025, Luglio: Cocomero e Latte di Bufala con Grue di cacao e salsa di amarene - Gunther","og_description":"Gunther celebra i mesi pi\u00f9 caldi dell\u2019anno con i nuovi protagonisti della sua Collezione Estiva Luglio 2025: due creazioni fresche e sorprendenti, pensate per esaltare al massimo i sapori autentici della stagione. Cocomero Fresco, essenziale, naturale. Un sorbetto a base acqua preparato con cocomeri freschi laziali di prima scelta, acqua Plose delle Dolomiti e un [&hellip;]","og_url":"https:\/\/www.gunthergelatoitaliano.com\/de\/2025\/07\/18\/sommerkollektion-2025-juli-wassermelone-und-buffelmilch-mit-kakaoguss-und-sauerkirschsauce\/","og_site_name":"Gunther","article_published_time":"2025-07-18T12:38:57+00:00","article_modified_time":"2025-09-18T12:39:25+00:00","og_image":[{"width":2560,"height":1707,"url":"https:\/\/www.gunthergelatoitaliano.com\/wp-content\/uploads\/2025\/09\/250625-Gunther-42-scaled.jpg","type":"image\/jpeg"}],"author":"Redazione","twitter_card":"summary_large_image","twitter_misc":{"Verfasst von":"Redazione","Gesch\u00e4tzte Lesezeit":"2\u00a0Minuten"},"schema":{"@context":"https:\/\/schema.org","@graph":[{"@type":"Article","@id":"https:\/\/www.gunthergelatoitaliano.com\/2025\/07\/18\/collezione-estiva-2025-luglio-cocomero-e-latte-di-bufala-con-grue-di-cacao-e-salsa-di-amarene\/#article","isPartOf":{"@id":"https:\/\/www.gunthergelatoitaliano.com\/2025\/07\/18\/collezione-estiva-2025-luglio-cocomero-e-latte-di-bufala-con-grue-di-cacao-e-salsa-di-amarene\/"},"author":{"name":"Redazione","@id":"https:\/\/www.gunthergelatoitaliano.com\/#\/schema\/person\/ac381fae6200c2cede448ed33ddc21a0"},"headline":"Collezione Estiva 2025, Luglio: Cocomero e Latte di Bufala con Grue di cacao e salsa di amarene","datePublished":"2025-07-18T12:38:57+00:00","dateModified":"2025-09-18T12:39:25+00:00","mainEntityOfPage":{"@id":"https:\/\/www.gunthergelatoitaliano.com\/2025\/07\/18\/collezione-estiva-2025-luglio-cocomero-e-latte-di-bufala-con-grue-di-cacao-e-salsa-di-amarene\/"},"wordCount":156,"publisher":{"@id":"https:\/\/www.gunthergelatoitaliano.com\/#organization"},"image":{"@id":"https:\/\/www.gunthergelatoitaliano.com\/2025\/07\/18\/collezione-estiva-2025-luglio-cocomero-e-latte-di-bufala-con-grue-di-cacao-e-salsa-di-amarene\/#primaryimage"},"thumbnailUrl":"https:\/\/www.gunthergelatoitaliano.com\/wp-content\/uploads\/2025\/09\/250625-Gunther-42-scaled.jpg","articleSection":["News"],"inLanguage":"de"},{"@type":"WebPage","@id":"https:\/\/www.gunthergelatoitaliano.com\/2025\/07\/18\/collezione-estiva-2025-luglio-cocomero-e-latte-di-bufala-con-grue-di-cacao-e-salsa-di-amarene\/","url":"https:\/\/www.gunthergelatoitaliano.com\/2025\/07\/18\/collezione-estiva-2025-luglio-cocomero-e-latte-di-bufala-con-grue-di-cacao-e-salsa-di-amarene\/","name":"Sommerkollektion 2025, Juli: Wassermelone und B\u00fcffelmilch mit Kakaoguss und Schwarzkirschsauce - Gunther","isPartOf":{"@id":"https:\/\/www.gunthergelatoitaliano.com\/#website"},"primaryImageOfPage":{"@id":"https:\/\/www.gunthergelatoitaliano.com\/2025\/07\/18\/collezione-estiva-2025-luglio-cocomero-e-latte-di-bufala-con-grue-di-cacao-e-salsa-di-amarene\/#primaryimage"},"image":{"@id":"https:\/\/www.gunthergelatoitaliano.com\/2025\/07\/18\/collezione-estiva-2025-luglio-cocomero-e-latte-di-bufala-con-grue-di-cacao-e-salsa-di-amarene\/#primaryimage"},"thumbnailUrl":"https:\/\/www.gunthergelatoitaliano.com\/wp-content\/uploads\/2025\/09\/250625-Gunther-42-scaled.jpg","datePublished":"2025-07-18T12:38:57+00:00","dateModified":"2025-09-18T12:39:25+00:00","breadcrumb":{"@id":"https:\/\/www.gunthergelatoitaliano.com\/2025\/07\/18\/collezione-estiva-2025-luglio-cocomero-e-latte-di-bufala-con-grue-di-cacao-e-salsa-di-amarene\/#breadcrumb"},"inLanguage":"de","potentialAction":[{"@type":"ReadAction","target":["https:\/\/www.gunthergelatoitaliano.com\/2025\/07\/18\/collezione-estiva-2025-luglio-cocomero-e-latte-di-bufala-con-grue-di-cacao-e-salsa-di-amarene\/"]}]},{"@type":"ImageObject","inLanguage":"de","@id":"https:\/\/www.gunthergelatoitaliano.com\/2025\/07\/18\/collezione-estiva-2025-luglio-cocomero-e-latte-di-bufala-con-grue-di-cacao-e-salsa-di-amarene\/#primaryimage","url":"https:\/\/www.gunthergelatoitaliano.com\/wp-content\/uploads\/2025\/09\/250625-Gunther-42-scaled.jpg","contentUrl":"https:\/\/www.gunthergelatoitaliano.com\/wp-content\/uploads\/2025\/09\/250625-Gunther-42-scaled.jpg","width":2560,"height":1707},{"@type":"BreadcrumbList","@id":"https:\/\/www.gunthergelatoitaliano.com\/2025\/07\/18\/collezione-estiva-2025-luglio-cocomero-e-latte-di-bufala-con-grue-di-cacao-e-salsa-di-amarene\/#breadcrumb","itemListElement":[{"@type":"ListItem","position":1,"name":"Home","item":"https:\/\/www.gunthergelatoitaliano.com\/"},{"@type":"ListItem","position":2,"name":"Collezione Estiva 2025, Luglio: Cocomero e Latte di Bufala con Grue di cacao e salsa di amarene"}]},{"@type":"WebSite","@id":"https:\/\/www.gunthergelatoitaliano.com\/#website","url":"https:\/\/www.gunthergelatoitaliano.com\/","name":"Gunther","description":"Italienisches Speiseeis","publisher":{"@id":"https:\/\/www.gunthergelatoitaliano.com\/#organization"},"potentialAction":[{"@type":"SearchAction","target":{"@type":"EntryPoint","urlTemplate":"https:\/\/www.gunthergelatoitaliano.com\/?s={search_term_string}"},"query-input":{"@type":"PropertyValueSpecification","valueRequired":true,"valueName":"search_term_string"}}],"inLanguage":"de"},{"@type":"Organization","@id":"https:\/\/www.gunthergelatoitaliano.com\/#organization","name":"Gunther","url":"https:\/\/www.gunthergelatoitaliano.com\/","logo":{"@type":"ImageObject","inLanguage":"de","@id":"https:\/\/www.gunthergelatoitaliano.com\/#\/schema\/logo\/image\/","url":"https:\/\/www.gunthergelatoitaliano.com\/wp-content\/uploads\/2025\/03\/Gunther-Logo-_0000_black.png","contentUrl":"https:\/\/www.gunthergelatoitaliano.com\/wp-content\/uploads\/2025\/03\/Gunther-Logo-_0000_black.png","width":2000,"height":2000,"caption":"Gunther"},"image":{"@id":"https:\/\/www.gunthergelatoitaliano.com\/#\/schema\/logo\/image\/"}},{"@type":"Person","@id":"https:\/\/www.gunthergelatoitaliano.com\/#\/schema\/person\/ac381fae6200c2cede448ed33ddc21a0","name":"Redaktionelle Mitarbeiter","image":{"@type":"ImageObject","inLanguage":"de","@id":"https:\/\/secure.gravatar.com\/avatar\/85d074ba16e4f7974bb1a43f60319dbeba027ebf86f67088bd56822e795db391?s=96&d=mm&r=g","url":"https:\/\/secure.gravatar.com\/avatar\/85d074ba16e4f7974bb1a43f60319dbeba027ebf86f67088bd56822e795db391?s=96&d=mm&r=g","contentUrl":"https:\/\/secure.gravatar.com\/avatar\/85d074ba16e4f7974bb1a43f60319dbeba027ebf86f67088bd56822e795db391?s=96&d=mm&r=g","caption":"Redazione"},"url":"https:\/\/www.gunthergelatoitaliano.com\/de\/author\/redazione\/"}]}},"_links":{"self":[{"href":"https:\/\/www.gunthergelatoitaliano.com\/de\/wp-json\/wp\/v2\/posts\/1736","targetHints":{"allow":["GET"]}}],"collection":[{"href":"https:\/\/www.gunthergelatoitaliano.com\/de\/wp-json\/wp\/v2\/posts"}],"about":[{"href":"https:\/\/www.gunthergelatoitaliano.com\/de\/wp-json\/wp\/v2\/types\/post"}],"author":[{"embeddable":true,"href":"https:\/\/www.gunthergelatoitaliano.com\/de\/wp-json\/wp\/v2\/users\/2"}],"replies":[{"embeddable":true,"href":"https:\/\/www.gunthergelatoitaliano.com\/de\/wp-json\/wp\/v2\/comments?post=1736"}],"version-history":[{"count":2,"href":"https:\/\/www.gunthergelatoitaliano.com\/de\/wp-json\/wp\/v2\/posts\/1736\/revisions"}],"predecessor-version":[{"id":1745,"href":"https:\/\/www.gunthergelatoitaliano.com\/de\/wp-json\/wp\/v2\/posts\/1736\/revisions\/1745"}],"wp:featuredmedia":[{"embeddable":true,"href":"https:\/\/www.gunthergelatoitaliano.com\/de\/wp-json\/wp\/v2\/media\/1739"}],"wp:attachment":[{"href":"https:\/\/www.gunthergelatoitaliano.com\/de\/wp-json\/wp\/v2\/media?parent=1736"}],"wp:term":[{"taxonomy":"category","embeddable":true,"href":"https:\/\/www.gunthergelatoitaliano.com\/de\/wp-json\/wp\/v2\/categories?post=1736"},{"taxonomy":"post_tag","embeddable":true,"href":"https:\/\/www.gunthergelatoitaliano.com\/de\/wp-json\/wp\/v2\/tags?post=1736"}],"curies":[{"name":"wp","href":"https:\/\/api.w.org\/{rel}","templated":true}]}}