{"id":1929,"date":"2025-10-16T14:32:07","date_gmt":"2025-10-16T12:32:07","guid":{"rendered":"https:\/\/www.gunthergelatoitaliano.com\/?p=1929"},"modified":"2025-10-16T14:32:07","modified_gmt":"2025-10-16T12:32:07","slug":"gunther-eroffnet-in-bozen-eine-ruckkehr-in-die-dolomiten-fur-mr-g-ein-neuer-horizont-fur-die-marke","status":"publish","type":"post","link":"https:\/\/www.gunthergelatoitaliano.com\/de\/2025\/10\/16\/gunther-apre-a-bolzano-un-ritorno-sulle-dolomiti-per-mr-g-un-nuovo-orizzonte-per-il-brand\/","title":{"rendered":"G\u00dcNTHER ER\u00d6FFNET IN BOZEN: EINE R\u00dcCKKEHR IN DIE DOLOMITEN F\u00dcR MR.G, EIN NEUER HORIZONT F\u00dcR DIE MARKE"},"content":{"rendered":"<p>Nachdem er Rom mit seinem selbstgemachten Eis erobert hat, entscheidet sich Mr. G <strong>Bozen<\/strong> um seine neue Eisdiele und sein Caf\u00e9 zu er\u00f6ffnen. Heute, <strong>Donnerstag, 16. Oktober<\/strong> ha <strong>er\u00f6ffnete G\u00fcnther Eiscreme und Delikatessen<\/strong> innerhalb der <strong>WaltherPark,<\/strong> ein heller und eleganter Ort, der eine Eisdiele, ein Caf\u00e9 und eine Terrasse kombiniert, um ein komplettes Erlebnis von Geschmack und Geselligkeit zu bieten.<\/p>\n<p>Das neue Restaurant bietet sowohl die Geschmacksrichtungen, die die Marke in Rom ber\u00fchmt gemacht haben - die <strong>Klassiker<\/strong> wie Haselnuss, Pistazie und extra dunkle Schokolade - sowohl die <strong>Brillant<\/strong>wie Mugo Pine oder Ricotta Stregata, und die <strong>Golosi<\/strong>, Torten, die S\u00fcdtiroler Traditionen neu interpretieren, vom Strudel \u00fcber den Linzer bis zum Sacher.<\/p>\n<p><strong>Die alpine Seele,<\/strong> charakteristische Merkmal von Herrn G., findet hier seine <strong>authentischster Ausdruck<\/strong>Frisches Obst der Saison, unverf\u00e4lschte Rohstoffe, hochwertige Schokolade und Plose-Wasser aus den Dolomiten werden zu den unverzichtbaren Zutaten eines unverzichtbaren und unverwechselbaren Speiseeises.<\/p>\n<p>Mit der Er\u00f6ffnung in Bozen hat G\u00fcnther Eiscreme und Delikatessen <strong>er\u00f6ffnet ein neues Kapitel<\/strong> ihrer Geschichte, die die Marke zu den Urspr\u00fcngen des Meisters der Speiseeisherstellung zur\u00fcckf\u00fchrt und ihre <strong>Vision<\/strong> <strong>Handwerk<\/strong>getreu der Philosophie, die uns verbindet <strong>Qualit\u00e4t, Nat\u00fcrlichkeit und Innovation.<\/strong><\/p>\n<p><img fetchpriority=\"high\" decoding=\"async\" class=\"alignnone wp-image-1933\" src=\"https:\/\/www.gunthergelatoitaliano.com\/wp-content\/uploads\/2025\/10\/WhatsApp-Image-2025-10-16-at-14.26.37-2-300x225.jpeg\" alt=\"\" width=\"369\" height=\"277\" srcset=\"https:\/\/www.gunthergelatoitaliano.com\/wp-content\/uploads\/2025\/10\/WhatsApp-Image-2025-10-16-at-14.26.37-2-300x225.jpeg 300w, https:\/\/www.gunthergelatoitaliano.com\/wp-content\/uploads\/2025\/10\/WhatsApp-Image-2025-10-16-at-14.26.37-2-1024x768.jpeg 1024w, https:\/\/www.gunthergelatoitaliano.com\/wp-content\/uploads\/2025\/10\/WhatsApp-Image-2025-10-16-at-14.26.37-2-768x576.jpeg 768w, https:\/\/www.gunthergelatoitaliano.com\/wp-content\/uploads\/2025\/10\/WhatsApp-Image-2025-10-16-at-14.26.37-2-1536x1152.jpeg 1536w, https:\/\/www.gunthergelatoitaliano.com\/wp-content\/uploads\/2025\/10\/WhatsApp-Image-2025-10-16-at-14.26.37-2-16x12.jpeg 16w, https:\/\/www.gunthergelatoitaliano.com\/wp-content\/uploads\/2025\/10\/WhatsApp-Image-2025-10-16-at-14.26.37-2.jpeg 1600w\" sizes=\"(max-width: 369px) 100vw, 369px\" \/> <img decoding=\"async\" class=\"alignnone wp-image-1934\" src=\"https:\/\/www.gunthergelatoitaliano.com\/wp-content\/uploads\/2025\/10\/WhatsApp-Image-2025-10-16-at-14.26.38-300x225.jpeg\" alt=\"\" width=\"369\" height=\"277\" srcset=\"https:\/\/www.gunthergelatoitaliano.com\/wp-content\/uploads\/2025\/10\/WhatsApp-Image-2025-10-16-at-14.26.38-300x225.jpeg 300w, https:\/\/www.gunthergelatoitaliano.com\/wp-content\/uploads\/2025\/10\/WhatsApp-Image-2025-10-16-at-14.26.38-1024x768.jpeg 1024w, https:\/\/www.gunthergelatoitaliano.com\/wp-content\/uploads\/2025\/10\/WhatsApp-Image-2025-10-16-at-14.26.38-768x576.jpeg 768w, https:\/\/www.gunthergelatoitaliano.com\/wp-content\/uploads\/2025\/10\/WhatsApp-Image-2025-10-16-at-14.26.38-1536x1152.jpeg 1536w, https:\/\/www.gunthergelatoitaliano.com\/wp-content\/uploads\/2025\/10\/WhatsApp-Image-2025-10-16-at-14.26.38-16x12.jpeg 16w, https:\/\/www.gunthergelatoitaliano.com\/wp-content\/uploads\/2025\/10\/WhatsApp-Image-2025-10-16-at-14.26.38.jpeg 1600w\" sizes=\"(max-width: 369px) 100vw, 369px\" \/><\/p>","protected":false},"excerpt":{"rendered":"<p>Dopo aver conquistato Roma con i suoi gelati artigianali, Mr. G sceglie Bolzano per aprire la sua nuova gelateria e caffetteria. Oggi, Gioved\u00ec 16 ottobre ha inaugurato G\u00fcnther Gelato e Golosit\u00e0 all\u2019interno del WaltherPark, un luogo luminoso ed elegante che unisce gelateria, caffetteria e dehors, pensato per vivere un\u2019esperienza completa di gusto e convivialit\u00e0. Il [&hellip;]<\/p>\n","protected":false},"author":2,"featured_media":1932,"comment_status":"closed","ping_status":"closed","sticky":false,"template":"","format":"standard","meta":{"_acf_changed":false,"footnotes":""},"categories":[1],"tags":[],"class_list":["post-1929","post","type-post","status-publish","format-standard","has-post-thumbnail","hentry","category-news"],"acf":[],"yoast_head":"<!-- This site is optimized with the Yoast SEO plugin v28.4 - https:\/\/yoast.com\/product\/yoast-seo-wordpress\/ -->\n<title>G\u00dcNTHER APRE A BOLZANO: UN RITORNO SULLE DOLOMITI PER MR.G, UN NUOVO ORIZZONTE PER IL BRAND - Gunther<\/title>\n<meta name=\"robots\" content=\"index, follow, max-snippet:-1, max-image-preview:large, max-video-preview:-1\" \/>\n<link rel=\"canonical\" href=\"https:\/\/www.gunthergelatoitaliano.com\/de\/2025\/10\/16\/gunther-eroffnet-in-bozen-eine-ruckkehr-in-die-dolomiten-fur-mr-g-ein-neuer-horizont-fur-die-marke\/\" \/>\n<meta property=\"og:locale\" content=\"de_DE\" \/>\n<meta property=\"og:type\" content=\"article\" \/>\n<meta property=\"og:title\" content=\"G\u00dcNTHER APRE A BOLZANO: UN RITORNO SULLE DOLOMITI PER MR.G, UN NUOVO ORIZZONTE PER IL BRAND - Gunther\" \/>\n<meta property=\"og:description\" content=\"Dopo aver conquistato Roma con i suoi gelati artigianali, Mr. G sceglie Bolzano per aprire la sua nuova gelateria e caffetteria. Oggi, Gioved\u00ec 16 ottobre ha inaugurato G\u00fcnther Gelato e Golosit\u00e0 all\u2019interno del WaltherPark, un luogo luminoso ed elegante che unisce gelateria, caffetteria e dehors, pensato per vivere un\u2019esperienza completa di gusto e convivialit\u00e0. Il [&hellip;]\" \/>\n<meta property=\"og:url\" content=\"https:\/\/www.gunthergelatoitaliano.com\/de\/2025\/10\/16\/gunther-eroffnet-in-bozen-eine-ruckkehr-in-die-dolomiten-fur-mr-g-ein-neuer-horizont-fur-die-marke\/\" \/>\n<meta property=\"og:site_name\" content=\"Gunther\" \/>\n<meta property=\"article:published_time\" content=\"2025-10-16T12:32:07+00:00\" \/>\n<meta property=\"og:image\" content=\"https:\/\/www.gunthergelatoitaliano.com\/wp-content\/uploads\/2025\/10\/WhatsApp-Image-2025-10-16-at-14.26.37-1.jpeg\" \/>\n\t<meta property=\"og:image:width\" content=\"1600\" \/>\n\t<meta property=\"og:image:height\" content=\"1200\" \/>\n\t<meta property=\"og:image:type\" content=\"image\/jpeg\" \/>\n<meta name=\"author\" content=\"Redazione\" \/>\n<meta name=\"twitter:card\" content=\"summary_large_image\" \/>\n<meta name=\"twitter:label1\" content=\"Verfasst von\" \/>\n\t<meta name=\"twitter:data1\" content=\"Redazione\" \/>\n\t<meta name=\"twitter:label2\" content=\"Gesch\u00e4tzte Lesezeit\" \/>\n\t<meta name=\"twitter:data2\" content=\"2\u00a0Minuten\" \/>\n<script type=\"application\/ld+json\" class=\"yoast-schema-graph\">{\"@context\":\"https:\\\/\\\/schema.org\",\"@graph\":[{\"@type\":\"Article\",\"@id\":\"https:\\\/\\\/www.gunthergelatoitaliano.com\\\/2025\\\/10\\\/16\\\/gunther-apre-a-bolzano-un-ritorno-sulle-dolomiti-per-mr-g-un-nuovo-orizzonte-per-il-brand\\\/#article\",\"isPartOf\":{\"@id\":\"https:\\\/\\\/www.gunthergelatoitaliano.com\\\/2025\\\/10\\\/16\\\/gunther-apre-a-bolzano-un-ritorno-sulle-dolomiti-per-mr-g-un-nuovo-orizzonte-per-il-brand\\\/\"},\"author\":{\"name\":\"Redazione\",\"@id\":\"https:\\\/\\\/www.gunthergelatoitaliano.com\\\/#\\\/schema\\\/person\\\/ac381fae6200c2cede448ed33ddc21a0\"},\"headline\":\"G\u00dcNTHER APRE A BOLZANO: UN RITORNO SULLE DOLOMITI PER MR.G, UN NUOVO ORIZZONTE PER IL BRAND\",\"datePublished\":\"2025-10-16T12:32:07+00:00\",\"mainEntityOfPage\":{\"@id\":\"https:\\\/\\\/www.gunthergelatoitaliano.com\\\/2025\\\/10\\\/16\\\/gunther-apre-a-bolzano-un-ritorno-sulle-dolomiti-per-mr-g-un-nuovo-orizzonte-per-il-brand\\\/\"},\"wordCount\":208,\"publisher\":{\"@id\":\"https:\\\/\\\/www.gunthergelatoitaliano.com\\\/#organization\"},\"image\":{\"@id\":\"https:\\\/\\\/www.gunthergelatoitaliano.com\\\/2025\\\/10\\\/16\\\/gunther-apre-a-bolzano-un-ritorno-sulle-dolomiti-per-mr-g-un-nuovo-orizzonte-per-il-brand\\\/#primaryimage\"},\"thumbnailUrl\":\"https:\\\/\\\/www.gunthergelatoitaliano.com\\\/wp-content\\\/uploads\\\/2025\\\/10\\\/WhatsApp-Image-2025-10-16-at-14.26.37-1.jpeg\",\"articleSection\":[\"News\"],\"inLanguage\":\"de\"},{\"@type\":\"WebPage\",\"@id\":\"https:\\\/\\\/www.gunthergelatoitaliano.com\\\/2025\\\/10\\\/16\\\/gunther-apre-a-bolzano-un-ritorno-sulle-dolomiti-per-mr-g-un-nuovo-orizzonte-per-il-brand\\\/\",\"url\":\"https:\\\/\\\/www.gunthergelatoitaliano.com\\\/2025\\\/10\\\/16\\\/gunther-apre-a-bolzano-un-ritorno-sulle-dolomiti-per-mr-g-un-nuovo-orizzonte-per-il-brand\\\/\",\"name\":\"G\u00dcNTHER APRE A BOLZANO: UN RITORNO SULLE DOLOMITI PER MR.G, UN NUOVO ORIZZONTE PER IL BRAND - Gunther\",\"isPartOf\":{\"@id\":\"https:\\\/\\\/www.gunthergelatoitaliano.com\\\/#website\"},\"primaryImageOfPage\":{\"@id\":\"https:\\\/\\\/www.gunthergelatoitaliano.com\\\/2025\\\/10\\\/16\\\/gunther-apre-a-bolzano-un-ritorno-sulle-dolomiti-per-mr-g-un-nuovo-orizzonte-per-il-brand\\\/#primaryimage\"},\"image\":{\"@id\":\"https:\\\/\\\/www.gunthergelatoitaliano.com\\\/2025\\\/10\\\/16\\\/gunther-apre-a-bolzano-un-ritorno-sulle-dolomiti-per-mr-g-un-nuovo-orizzonte-per-il-brand\\\/#primaryimage\"},\"thumbnailUrl\":\"https:\\\/\\\/www.gunthergelatoitaliano.com\\\/wp-content\\\/uploads\\\/2025\\\/10\\\/WhatsApp-Image-2025-10-16-at-14.26.37-1.jpeg\",\"datePublished\":\"2025-10-16T12:32:07+00:00\",\"breadcrumb\":{\"@id\":\"https:\\\/\\\/www.gunthergelatoitaliano.com\\\/2025\\\/10\\\/16\\\/gunther-apre-a-bolzano-un-ritorno-sulle-dolomiti-per-mr-g-un-nuovo-orizzonte-per-il-brand\\\/#breadcrumb\"},\"inLanguage\":\"de\",\"potentialAction\":[{\"@type\":\"ReadAction\",\"target\":[\"https:\\\/\\\/www.gunthergelatoitaliano.com\\\/2025\\\/10\\\/16\\\/gunther-apre-a-bolzano-un-ritorno-sulle-dolomiti-per-mr-g-un-nuovo-orizzonte-per-il-brand\\\/\"]}]},{\"@type\":\"ImageObject\",\"inLanguage\":\"de\",\"@id\":\"https:\\\/\\\/www.gunthergelatoitaliano.com\\\/2025\\\/10\\\/16\\\/gunther-apre-a-bolzano-un-ritorno-sulle-dolomiti-per-mr-g-un-nuovo-orizzonte-per-il-brand\\\/#primaryimage\",\"url\":\"https:\\\/\\\/www.gunthergelatoitaliano.com\\\/wp-content\\\/uploads\\\/2025\\\/10\\\/WhatsApp-Image-2025-10-16-at-14.26.37-1.jpeg\",\"contentUrl\":\"https:\\\/\\\/www.gunthergelatoitaliano.com\\\/wp-content\\\/uploads\\\/2025\\\/10\\\/WhatsApp-Image-2025-10-16-at-14.26.37-1.jpeg\",\"width\":1600,\"height\":1200},{\"@type\":\"BreadcrumbList\",\"@id\":\"https:\\\/\\\/www.gunthergelatoitaliano.com\\\/2025\\\/10\\\/16\\\/gunther-apre-a-bolzano-un-ritorno-sulle-dolomiti-per-mr-g-un-nuovo-orizzonte-per-il-brand\\\/#breadcrumb\",\"itemListElement\":[{\"@type\":\"ListItem\",\"position\":1,\"name\":\"Home\",\"item\":\"https:\\\/\\\/www.gunthergelatoitaliano.com\\\/\"},{\"@type\":\"ListItem\",\"position\":2,\"name\":\"G\u00dcNTHER APRE A BOLZANO: UN RITORNO SULLE DOLOMITI PER MR.G, UN NUOVO ORIZZONTE PER IL BRAND\"}]},{\"@type\":\"WebSite\",\"@id\":\"https:\\\/\\\/www.gunthergelatoitaliano.com\\\/#website\",\"url\":\"https:\\\/\\\/www.gunthergelatoitaliano.com\\\/\",\"name\":\"Gunther\",\"description\":\"Gelato Italiano\",\"publisher\":{\"@id\":\"https:\\\/\\\/www.gunthergelatoitaliano.com\\\/#organization\"},\"potentialAction\":[{\"@type\":\"SearchAction\",\"target\":{\"@type\":\"EntryPoint\",\"urlTemplate\":\"https:\\\/\\\/www.gunthergelatoitaliano.com\\\/?s={search_term_string}\"},\"query-input\":{\"@type\":\"PropertyValueSpecification\",\"valueRequired\":true,\"valueName\":\"search_term_string\"}}],\"inLanguage\":\"de\"},{\"@type\":\"Organization\",\"@id\":\"https:\\\/\\\/www.gunthergelatoitaliano.com\\\/#organization\",\"name\":\"Gunther\",\"url\":\"https:\\\/\\\/www.gunthergelatoitaliano.com\\\/\",\"logo\":{\"@type\":\"ImageObject\",\"inLanguage\":\"de\",\"@id\":\"https:\\\/\\\/www.gunthergelatoitaliano.com\\\/#\\\/schema\\\/logo\\\/image\\\/\",\"url\":\"https:\\\/\\\/www.gunthergelatoitaliano.com\\\/wp-content\\\/uploads\\\/2025\\\/03\\\/Gunther-Logo-_0000_black.png\",\"contentUrl\":\"https:\\\/\\\/www.gunthergelatoitaliano.com\\\/wp-content\\\/uploads\\\/2025\\\/03\\\/Gunther-Logo-_0000_black.png\",\"width\":2000,\"height\":2000,\"caption\":\"Gunther\"},\"image\":{\"@id\":\"https:\\\/\\\/www.gunthergelatoitaliano.com\\\/#\\\/schema\\\/logo\\\/image\\\/\"}},{\"@type\":\"Person\",\"@id\":\"https:\\\/\\\/www.gunthergelatoitaliano.com\\\/#\\\/schema\\\/person\\\/ac381fae6200c2cede448ed33ddc21a0\",\"name\":\"Redazione\",\"image\":{\"@type\":\"ImageObject\",\"inLanguage\":\"de\",\"@id\":\"https:\\\/\\\/secure.gravatar.com\\\/avatar\\\/85d074ba16e4f7974bb1a43f60319dbeba027ebf86f67088bd56822e795db391?s=96&d=mm&r=g\",\"url\":\"https:\\\/\\\/secure.gravatar.com\\\/avatar\\\/85d074ba16e4f7974bb1a43f60319dbeba027ebf86f67088bd56822e795db391?s=96&d=mm&r=g\",\"contentUrl\":\"https:\\\/\\\/secure.gravatar.com\\\/avatar\\\/85d074ba16e4f7974bb1a43f60319dbeba027ebf86f67088bd56822e795db391?s=96&d=mm&r=g\",\"caption\":\"Redazione\"},\"url\":\"https:\\\/\\\/www.gunthergelatoitaliano.com\\\/de\\\/author\\\/redazione\\\/\"}]}<\/script>\n<!-- \/ Yoast SEO plugin. -->","yoast_head_json":{"title":"G\u00dcNTHER ER\u00d6FFNET IN BOLZANO: EINE R\u00dcCKKEHR ZU DEN DOLOMITEN F\u00dcR MR.G, EINE NEUE HORIZON F\u00dcR DIE MARKE - Gunther","robots":{"index":"index","follow":"follow","max-snippet":"max-snippet:-1","max-image-preview":"max-image-preview:large","max-video-preview":"max-video-preview:-1"},"canonical":"https:\/\/www.gunthergelatoitaliano.com\/de\/2025\/10\/16\/gunther-eroffnet-in-bozen-eine-ruckkehr-in-die-dolomiten-fur-mr-g-ein-neuer-horizont-fur-die-marke\/","og_locale":"de_DE","og_type":"article","og_title":"G\u00dcNTHER APRE A BOLZANO: UN RITORNO SULLE DOLOMITI PER MR.G, UN NUOVO ORIZZONTE PER IL BRAND - Gunther","og_description":"Dopo aver conquistato Roma con i suoi gelati artigianali, Mr. G sceglie Bolzano per aprire la sua nuova gelateria e caffetteria. Oggi, Gioved\u00ec 16 ottobre ha inaugurato G\u00fcnther Gelato e Golosit\u00e0 all\u2019interno del WaltherPark, un luogo luminoso ed elegante che unisce gelateria, caffetteria e dehors, pensato per vivere un\u2019esperienza completa di gusto e convivialit\u00e0. Il [&hellip;]","og_url":"https:\/\/www.gunthergelatoitaliano.com\/de\/2025\/10\/16\/gunther-eroffnet-in-bozen-eine-ruckkehr-in-die-dolomiten-fur-mr-g-ein-neuer-horizont-fur-die-marke\/","og_site_name":"Gunther","article_published_time":"2025-10-16T12:32:07+00:00","og_image":[{"width":1600,"height":1200,"url":"https:\/\/www.gunthergelatoitaliano.com\/wp-content\/uploads\/2025\/10\/WhatsApp-Image-2025-10-16-at-14.26.37-1.jpeg","type":"image\/jpeg"}],"author":"Redazione","twitter_card":"summary_large_image","twitter_misc":{"Verfasst von":"Redazione","Gesch\u00e4tzte Lesezeit":"2\u00a0Minuten"},"schema":{"@context":"https:\/\/schema.org","@graph":[{"@type":"Article","@id":"https:\/\/www.gunthergelatoitaliano.com\/2025\/10\/16\/gunther-apre-a-bolzano-un-ritorno-sulle-dolomiti-per-mr-g-un-nuovo-orizzonte-per-il-brand\/#article","isPartOf":{"@id":"https:\/\/www.gunthergelatoitaliano.com\/2025\/10\/16\/gunther-apre-a-bolzano-un-ritorno-sulle-dolomiti-per-mr-g-un-nuovo-orizzonte-per-il-brand\/"},"author":{"name":"Redazione","@id":"https:\/\/www.gunthergelatoitaliano.com\/#\/schema\/person\/ac381fae6200c2cede448ed33ddc21a0"},"headline":"G\u00dcNTHER APRE A BOLZANO: UN RITORNO SULLE DOLOMITI PER MR.G, UN NUOVO ORIZZONTE PER IL BRAND","datePublished":"2025-10-16T12:32:07+00:00","mainEntityOfPage":{"@id":"https:\/\/www.gunthergelatoitaliano.com\/2025\/10\/16\/gunther-apre-a-bolzano-un-ritorno-sulle-dolomiti-per-mr-g-un-nuovo-orizzonte-per-il-brand\/"},"wordCount":208,"publisher":{"@id":"https:\/\/www.gunthergelatoitaliano.com\/#organization"},"image":{"@id":"https:\/\/www.gunthergelatoitaliano.com\/2025\/10\/16\/gunther-apre-a-bolzano-un-ritorno-sulle-dolomiti-per-mr-g-un-nuovo-orizzonte-per-il-brand\/#primaryimage"},"thumbnailUrl":"https:\/\/www.gunthergelatoitaliano.com\/wp-content\/uploads\/2025\/10\/WhatsApp-Image-2025-10-16-at-14.26.37-1.jpeg","articleSection":["News"],"inLanguage":"de"},{"@type":"WebPage","@id":"https:\/\/www.gunthergelatoitaliano.com\/2025\/10\/16\/gunther-apre-a-bolzano-un-ritorno-sulle-dolomiti-per-mr-g-un-nuovo-orizzonte-per-il-brand\/","url":"https:\/\/www.gunthergelatoitaliano.com\/2025\/10\/16\/gunther-apre-a-bolzano-un-ritorno-sulle-dolomiti-per-mr-g-un-nuovo-orizzonte-per-il-brand\/","name":"G\u00dcNTHER ER\u00d6FFNET IN BOLZANO: EINE R\u00dcCKKEHR ZU DEN DOLOMITEN F\u00dcR MR.G, EINE NEUE HORIZON F\u00dcR DIE MARKE - Gunther","isPartOf":{"@id":"https:\/\/www.gunthergelatoitaliano.com\/#website"},"primaryImageOfPage":{"@id":"https:\/\/www.gunthergelatoitaliano.com\/2025\/10\/16\/gunther-apre-a-bolzano-un-ritorno-sulle-dolomiti-per-mr-g-un-nuovo-orizzonte-per-il-brand\/#primaryimage"},"image":{"@id":"https:\/\/www.gunthergelatoitaliano.com\/2025\/10\/16\/gunther-apre-a-bolzano-un-ritorno-sulle-dolomiti-per-mr-g-un-nuovo-orizzonte-per-il-brand\/#primaryimage"},"thumbnailUrl":"https:\/\/www.gunthergelatoitaliano.com\/wp-content\/uploads\/2025\/10\/WhatsApp-Image-2025-10-16-at-14.26.37-1.jpeg","datePublished":"2025-10-16T12:32:07+00:00","breadcrumb":{"@id":"https:\/\/www.gunthergelatoitaliano.com\/2025\/10\/16\/gunther-apre-a-bolzano-un-ritorno-sulle-dolomiti-per-mr-g-un-nuovo-orizzonte-per-il-brand\/#breadcrumb"},"inLanguage":"de","potentialAction":[{"@type":"ReadAction","target":["https:\/\/www.gunthergelatoitaliano.com\/2025\/10\/16\/gunther-apre-a-bolzano-un-ritorno-sulle-dolomiti-per-mr-g-un-nuovo-orizzonte-per-il-brand\/"]}]},{"@type":"ImageObject","inLanguage":"de","@id":"https:\/\/www.gunthergelatoitaliano.com\/2025\/10\/16\/gunther-apre-a-bolzano-un-ritorno-sulle-dolomiti-per-mr-g-un-nuovo-orizzonte-per-il-brand\/#primaryimage","url":"https:\/\/www.gunthergelatoitaliano.com\/wp-content\/uploads\/2025\/10\/WhatsApp-Image-2025-10-16-at-14.26.37-1.jpeg","contentUrl":"https:\/\/www.gunthergelatoitaliano.com\/wp-content\/uploads\/2025\/10\/WhatsApp-Image-2025-10-16-at-14.26.37-1.jpeg","width":1600,"height":1200},{"@type":"BreadcrumbList","@id":"https:\/\/www.gunthergelatoitaliano.com\/2025\/10\/16\/gunther-apre-a-bolzano-un-ritorno-sulle-dolomiti-per-mr-g-un-nuovo-orizzonte-per-il-brand\/#breadcrumb","itemListElement":[{"@type":"ListItem","position":1,"name":"Home","item":"https:\/\/www.gunthergelatoitaliano.com\/"},{"@type":"ListItem","position":2,"name":"G\u00dcNTHER APRE A BOLZANO: UN RITORNO SULLE DOLOMITI PER MR.G, UN NUOVO ORIZZONTE PER IL BRAND"}]},{"@type":"WebSite","@id":"https:\/\/www.gunthergelatoitaliano.com\/#website","url":"https:\/\/www.gunthergelatoitaliano.com\/","name":"Gunther","description":"Italienisches Speiseeis","publisher":{"@id":"https:\/\/www.gunthergelatoitaliano.com\/#organization"},"potentialAction":[{"@type":"SearchAction","target":{"@type":"EntryPoint","urlTemplate":"https:\/\/www.gunthergelatoitaliano.com\/?s={search_term_string}"},"query-input":{"@type":"PropertyValueSpecification","valueRequired":true,"valueName":"search_term_string"}}],"inLanguage":"de"},{"@type":"Organization","@id":"https:\/\/www.gunthergelatoitaliano.com\/#organization","name":"Gunther","url":"https:\/\/www.gunthergelatoitaliano.com\/","logo":{"@type":"ImageObject","inLanguage":"de","@id":"https:\/\/www.gunthergelatoitaliano.com\/#\/schema\/logo\/image\/","url":"https:\/\/www.gunthergelatoitaliano.com\/wp-content\/uploads\/2025\/03\/Gunther-Logo-_0000_black.png","contentUrl":"https:\/\/www.gunthergelatoitaliano.com\/wp-content\/uploads\/2025\/03\/Gunther-Logo-_0000_black.png","width":2000,"height":2000,"caption":"Gunther"},"image":{"@id":"https:\/\/www.gunthergelatoitaliano.com\/#\/schema\/logo\/image\/"}},{"@type":"Person","@id":"https:\/\/www.gunthergelatoitaliano.com\/#\/schema\/person\/ac381fae6200c2cede448ed33ddc21a0","name":"Redaktionelle Mitarbeiter","image":{"@type":"ImageObject","inLanguage":"de","@id":"https:\/\/secure.gravatar.com\/avatar\/85d074ba16e4f7974bb1a43f60319dbeba027ebf86f67088bd56822e795db391?s=96&d=mm&r=g","url":"https:\/\/secure.gravatar.com\/avatar\/85d074ba16e4f7974bb1a43f60319dbeba027ebf86f67088bd56822e795db391?s=96&d=mm&r=g","contentUrl":"https:\/\/secure.gravatar.com\/avatar\/85d074ba16e4f7974bb1a43f60319dbeba027ebf86f67088bd56822e795db391?s=96&d=mm&r=g","caption":"Redazione"},"url":"https:\/\/www.gunthergelatoitaliano.com\/de\/author\/redazione\/"}]}},"_links":{"self":[{"href":"https:\/\/www.gunthergelatoitaliano.com\/de\/wp-json\/wp\/v2\/posts\/1929","targetHints":{"allow":["GET"]}}],"collection":[{"href":"https:\/\/www.gunthergelatoitaliano.com\/de\/wp-json\/wp\/v2\/posts"}],"about":[{"href":"https:\/\/www.gunthergelatoitaliano.com\/de\/wp-json\/wp\/v2\/types\/post"}],"author":[{"embeddable":true,"href":"https:\/\/www.gunthergelatoitaliano.com\/de\/wp-json\/wp\/v2\/users\/2"}],"replies":[{"embeddable":true,"href":"https:\/\/www.gunthergelatoitaliano.com\/de\/wp-json\/wp\/v2\/comments?post=1929"}],"version-history":[{"count":3,"href":"https:\/\/www.gunthergelatoitaliano.com\/de\/wp-json\/wp\/v2\/posts\/1929\/revisions"}],"predecessor-version":[{"id":1936,"href":"https:\/\/www.gunthergelatoitaliano.com\/de\/wp-json\/wp\/v2\/posts\/1929\/revisions\/1936"}],"wp:featuredmedia":[{"embeddable":true,"href":"https:\/\/www.gunthergelatoitaliano.com\/de\/wp-json\/wp\/v2\/media\/1932"}],"wp:attachment":[{"href":"https:\/\/www.gunthergelatoitaliano.com\/de\/wp-json\/wp\/v2\/media?parent=1929"}],"wp:term":[{"taxonomy":"category","embeddable":true,"href":"https:\/\/www.gunthergelatoitaliano.com\/de\/wp-json\/wp\/v2\/categories?post=1929"},{"taxonomy":"post_tag","embeddable":true,"href":"https:\/\/www.gunthergelatoitaliano.com\/de\/wp-json\/wp\/v2\/tags?post=1929"}],"curies":[{"name":"wp","href":"https:\/\/api.w.org\/{rel}","templated":true}]}}