{"id":2028,"date":"2026-07-17T12:56:52","date_gmt":"2026-07-17T10:56:52","guid":{"rendered":"https:\/\/www.gunthergelatoitaliano.com\/?p=2028"},"modified":"2026-08-04T12:41:25","modified_gmt":"2026-08-04T10:41:25","slug":"von-den-dolomiten-bis-zur-franzosischen-botschaft-feiert-gunther-den-franzosischen-nationalfeiertag-in-rom","status":"publish","type":"post","link":"https:\/\/www.gunthergelatoitaliano.com\/de\/2026\/07\/17\/dalle-dolomiti-allambasciata-francese-gunther-celebra-la-festa-nazionale-francese-a-roma\/","title":{"rendered":"Dalle Dolomiti all\u2019Ambasciata Francese: G\u00dcNTHER alla Festa Nazionale Francese a Roma"},"content":{"rendered":"<p id=\"p-rc_d1397d342d0b01ea-34\" data-path-to-node=\"4\"><span data-path-to-node=\"4,0\">Un legame storico che unisce l&#8217;eccellenza del gelato artigianale alla diplomazia internazionale nel cuore della Capitale<\/span><span data-path-to-node=\"4,2\">. Seit \u00fcber zehn Jahren,\u00a0<b data-path-to-node=\"4,2\" data-index-in-node=\"23\">G\u00dcNTHER Gelato e Golosit\u00e0<\/b>\u00a0rinnova con orgoglio la sua prestigiosa partnership con l\u2019<b data-path-to-node=\"4,2\" data-index-in-node=\"107\">Botschaft von Frankreich in Italien<\/b>, aktiv an den Feierlichkeiten zum Nationalfeiertag am 14. Juli teilnehmen<\/span><span data-path-to-node=\"4,4\">.<\/span><\/p>\n<p id=\"p-rc_d1397d342d0b01ea-35\" data-path-to-node=\"5\"><span data-path-to-node=\"5,0\">Anche quest&#8217;anno, la splendida cornice di\u00a0<b data-path-to-node=\"5,0\" data-index-in-node=\"42\">Palazzo Farnese<\/b>\u00a0\u2013 storico e affascinante capolavoro rinascimentale nel centro di Roma e sede dell&#8217;Ambasciata \u2013 ha accolto l&#8217;iconico carretto dei gelati di Mr. G. Durante la serata, gli illustri ospiti della Festa Nazionale hanno potuto rinfrescarsi ed esplorare i ritmi naturali delle stagioni attraverso un gelato dall\u2019<b data-path-to-node=\"5,0\" data-index-in-node=\"362\">Alpine Seele<\/b>: un prodotto dal gusto pulito, essenziale e memorabile, nato dal rigore altoatesino e dall\u2019esaltazione di materie prime purissime<\/span><span data-path-to-node=\"5,2\">.<\/span><\/p>\n<blockquote data-path-to-node=\"6\">\n<p id=\"p-rc_d1397d342d0b01ea-36\" data-path-to-node=\"6,0\"><span data-path-to-node=\"6,0,0\">&#8220;Portare il nostro metodo artigianale e la nostra filosofia in contesti cos\u00ec ricchi di storia ed eleganza \u00e8 ogni anno un&#8217;emozione immensa&#8221;, racconta G\u00fcnther Rohregger<\/span><span data-path-to-node=\"6,0,2\">. &#8220;\u00c8 la dimostrazione che la purezza e l&#8217;autenticit\u00e0 del gusto sanno parlare un linguaggio universale e senza confini&#8221;<\/span><span data-path-to-node=\"6,0,4\">.<\/span><\/p>\n<p data-path-to-node=\"6,0\"><img decoding=\"async\" class=\"alignnone size-full wp-image-2029\" src=\"https:\/\/www.gunthergelatoitaliano.com\/wp-content\/uploads\/2026\/07\/IMG_4242.heic\" alt=\"\" \/><img fetchpriority=\"high\" decoding=\"async\" class=\"alignnone size-medium wp-image-2032\" src=\"https:\/\/www.gunthergelatoitaliano.com\/wp-content\/uploads\/2026\/07\/IMG_4194-225x300.jpg\" alt=\"\" width=\"225\" height=\"300\" srcset=\"https:\/\/www.gunthergelatoitaliano.com\/wp-content\/uploads\/2026\/07\/IMG_4194-225x300.jpg 225w, https:\/\/www.gunthergelatoitaliano.com\/wp-content\/uploads\/2026\/07\/IMG_4194-768x1024.jpg 768w, https:\/\/www.gunthergelatoitaliano.com\/wp-content\/uploads\/2026\/07\/IMG_4194-1152x1536.jpg 1152w, https:\/\/www.gunthergelatoitaliano.com\/wp-content\/uploads\/2026\/07\/IMG_4194-1536x2048.jpg 1536w, https:\/\/www.gunthergelatoitaliano.com\/wp-content\/uploads\/2026\/07\/IMG_4194-9x12.jpg 9w, https:\/\/www.gunthergelatoitaliano.com\/wp-content\/uploads\/2026\/07\/IMG_4194-scaled.jpg 1920w\" sizes=\"(max-width: 225px) 100vw, 225px\" \/><\/p>\n<\/blockquote>\n<h3 data-path-to-node=\"7\"><b data-path-to-node=\"7\" data-index-in-node=\"0\">Ein Doppeldate: die Zusammenarbeit mit der Villa Bonaparte<\/b><\/h3>\n<p id=\"p-rc_d1397d342d0b01ea-37\" data-path-to-node=\"8\"><span data-path-to-node=\"8,0\">Da quattro anni a questa parte, questo ponte culturale tra Italia e Francia si \u00e8 ulteriormente arricchito<\/span><span data-path-to-node=\"8,2\">. La collaborazione si \u00e8 infatti estesa anche all\u2019<b data-path-to-node=\"8,2\" data-index-in-node=\"50\">Franz\u00f6sische Botschaft beim Heiligen Stuhl<\/b>.<\/span><\/p>\n<p id=\"p-rc_d1397d342d0b01ea-38\" data-path-to-node=\"9\"><span data-path-to-node=\"9,0\">Anl\u00e4sslich der parallelen Feierlichkeiten zum 14. Juli, die stattfinden in\u00a0<b data-path-to-node=\"9,0\" data-index-in-node=\"76\">Villa Bonaparte<\/b>\u00a0\u2013 un altro gioiello architettonico immerso nel cuore di Roma \u2013, G\u00dcNTHER ha presenziato con le sue creazioni, offrendo a diplomatici e invitati un momento di autentica golosit\u00e0 e freschezza firmata Mr. G<\/span><span data-path-to-node=\"9,2\">.<\/span><\/p>\n<p id=\"p-rc_d1397d342d0b01ea-39\" data-path-to-node=\"10\"><span data-path-to-node=\"10,0\">Che sia tra le imponenti sale di Palazzo Farnese o tra i giardini segreti di Villa Bonaparte, l&#8217;Anima Alpina di G\u00dcNTHER continua a viaggiare, trasformando la grande tradizione dell&#8217;eccellenza italiana in un ricordo indimenticabile per i palati di tutto il mondo<\/span><span data-path-to-node=\"10,2\">.<\/span><\/p>\n<div><img decoding=\"async\" class=\"alignnone size-full wp-image-2029\" src=\"https:\/\/www.gunthergelatoitaliano.com\/wp-content\/uploads\/2026\/07\/IMG_4242.heic\" alt=\"\" \/><\/div>","protected":false},"excerpt":{"rendered":"<p>Un legame storico che unisce l&#8217;eccellenza del gelato artigianale alla diplomazia internazionale nel cuore della Capitale. Da oltre dieci anni,\u00a0G\u00dcNTHER Gelato e Golosit\u00e0\u00a0rinnova con orgoglio la sua prestigiosa partnership con l\u2019Ambasciata di Francia in Italia, partecipando attivamente alle celebrazioni per la Festa Nazionale del 14 Luglio. Anche quest&#8217;anno, la splendida cornice di\u00a0Palazzo Farnese\u00a0\u2013 storico e [&hellip;]<\/p>\n","protected":false},"author":2,"featured_media":2038,"comment_status":"closed","ping_status":"closed","sticky":false,"template":"","format":"standard","meta":{"_acf_changed":false,"footnotes":""},"categories":[1],"tags":[],"class_list":["post-2028","post","type-post","status-publish","format-standard","has-post-thumbnail","hentry","category-news"],"acf":[],"yoast_head":"<!-- This site is optimized with the Yoast SEO plugin v28.4 - https:\/\/yoast.com\/product\/yoast-seo-wordpress\/ -->\n<title>Dalle Dolomiti all\u2019Ambasciata Francese: G\u00dcNTHER alla Festa Nazionale Francese a Roma - Gunther<\/title>\n<meta name=\"robots\" content=\"index, follow, max-snippet:-1, max-image-preview:large, max-video-preview:-1\" \/>\n<link rel=\"canonical\" href=\"https:\/\/www.gunthergelatoitaliano.com\/de\/2026\/07\/17\/von-den-dolomiten-bis-zur-franzosischen-botschaft-feiert-gunther-den-franzosischen-nationalfeiertag-in-rom\/\" \/>\n<meta property=\"og:locale\" content=\"de_DE\" \/>\n<meta property=\"og:type\" content=\"article\" \/>\n<meta property=\"og:title\" content=\"Dalle Dolomiti all\u2019Ambasciata Francese: G\u00dcNTHER alla Festa Nazionale Francese a Roma - Gunther\" \/>\n<meta property=\"og:description\" content=\"Un legame storico che unisce l&#8217;eccellenza del gelato artigianale alla diplomazia internazionale nel cuore della Capitale. Da oltre dieci anni,\u00a0G\u00dcNTHER Gelato e Golosit\u00e0\u00a0rinnova con orgoglio la sua prestigiosa partnership con l\u2019Ambasciata di Francia in Italia, partecipando attivamente alle celebrazioni per la Festa Nazionale del 14 Luglio. Anche quest&#8217;anno, la splendida cornice di\u00a0Palazzo Farnese\u00a0\u2013 storico e [&hellip;]\" \/>\n<meta property=\"og:url\" content=\"https:\/\/www.gunthergelatoitaliano.com\/de\/2026\/07\/17\/von-den-dolomiten-bis-zur-franzosischen-botschaft-feiert-gunther-den-franzosischen-nationalfeiertag-in-rom\/\" \/>\n<meta property=\"og:site_name\" content=\"Gunther\" \/>\n<meta property=\"article:published_time\" content=\"2026-07-17T10:56:52+00:00\" \/>\n<meta property=\"article:modified_time\" content=\"2026-08-04T10:41:25+00:00\" \/>\n<meta property=\"og:image\" content=\"https:\/\/www.gunthergelatoitaliano.com\/wp-content\/uploads\/2026\/07\/Progetto-senza-titolo.jpg\" \/>\n\t<meta property=\"og:image:width\" content=\"800\" \/>\n\t<meta property=\"og:image:height\" content=\"1000\" \/>\n\t<meta property=\"og:image:type\" content=\"image\/jpeg\" \/>\n<meta name=\"author\" content=\"Redazione\" \/>\n<meta name=\"twitter:card\" content=\"summary_large_image\" \/>\n<meta name=\"twitter:label1\" content=\"Verfasst von\" \/>\n\t<meta name=\"twitter:data1\" content=\"Redazione\" \/>\n\t<meta name=\"twitter:label2\" content=\"Gesch\u00e4tzte Lesezeit\" \/>\n\t<meta name=\"twitter:data2\" content=\"2\u00a0Minuten\" \/>\n<script type=\"application\/ld+json\" class=\"yoast-schema-graph\">{\"@context\":\"https:\\\/\\\/schema.org\",\"@graph\":[{\"@type\":\"Article\",\"@id\":\"https:\\\/\\\/www.gunthergelatoitaliano.com\\\/2026\\\/07\\\/17\\\/dalle-dolomiti-allambasciata-francese-gunther-celebra-la-festa-nazionale-francese-a-roma\\\/#article\",\"isPartOf\":{\"@id\":\"https:\\\/\\\/www.gunthergelatoitaliano.com\\\/2026\\\/07\\\/17\\\/dalle-dolomiti-allambasciata-francese-gunther-celebra-la-festa-nazionale-francese-a-roma\\\/\"},\"author\":{\"name\":\"Redazione\",\"@id\":\"https:\\\/\\\/www.gunthergelatoitaliano.com\\\/#\\\/schema\\\/person\\\/ac381fae6200c2cede448ed33ddc21a0\"},\"headline\":\"Dalle Dolomiti all\u2019Ambasciata Francese: G\u00dcNTHER alla Festa Nazionale Francese a Roma\",\"datePublished\":\"2026-07-17T10:56:52+00:00\",\"dateModified\":\"2026-08-04T10:41:25+00:00\",\"mainEntityOfPage\":{\"@id\":\"https:\\\/\\\/www.gunthergelatoitaliano.com\\\/2026\\\/07\\\/17\\\/dalle-dolomiti-allambasciata-francese-gunther-celebra-la-festa-nazionale-francese-a-roma\\\/\"},\"wordCount\":303,\"publisher\":{\"@id\":\"https:\\\/\\\/www.gunthergelatoitaliano.com\\\/#organization\"},\"image\":{\"@id\":\"https:\\\/\\\/www.gunthergelatoitaliano.com\\\/2026\\\/07\\\/17\\\/dalle-dolomiti-allambasciata-francese-gunther-celebra-la-festa-nazionale-francese-a-roma\\\/#primaryimage\"},\"thumbnailUrl\":\"https:\\\/\\\/www.gunthergelatoitaliano.com\\\/wp-content\\\/uploads\\\/2026\\\/07\\\/Progetto-senza-titolo.jpg\",\"articleSection\":[\"News\"],\"inLanguage\":\"de\"},{\"@type\":\"WebPage\",\"@id\":\"https:\\\/\\\/www.gunthergelatoitaliano.com\\\/2026\\\/07\\\/17\\\/dalle-dolomiti-allambasciata-francese-gunther-celebra-la-festa-nazionale-francese-a-roma\\\/\",\"url\":\"https:\\\/\\\/www.gunthergelatoitaliano.com\\\/2026\\\/07\\\/17\\\/dalle-dolomiti-allambasciata-francese-gunther-celebra-la-festa-nazionale-francese-a-roma\\\/\",\"name\":\"Dalle Dolomiti all\u2019Ambasciata Francese: G\u00dcNTHER alla Festa Nazionale Francese a Roma - Gunther\",\"isPartOf\":{\"@id\":\"https:\\\/\\\/www.gunthergelatoitaliano.com\\\/#website\"},\"primaryImageOfPage\":{\"@id\":\"https:\\\/\\\/www.gunthergelatoitaliano.com\\\/2026\\\/07\\\/17\\\/dalle-dolomiti-allambasciata-francese-gunther-celebra-la-festa-nazionale-francese-a-roma\\\/#primaryimage\"},\"image\":{\"@id\":\"https:\\\/\\\/www.gunthergelatoitaliano.com\\\/2026\\\/07\\\/17\\\/dalle-dolomiti-allambasciata-francese-gunther-celebra-la-festa-nazionale-francese-a-roma\\\/#primaryimage\"},\"thumbnailUrl\":\"https:\\\/\\\/www.gunthergelatoitaliano.com\\\/wp-content\\\/uploads\\\/2026\\\/07\\\/Progetto-senza-titolo.jpg\",\"datePublished\":\"2026-07-17T10:56:52+00:00\",\"dateModified\":\"2026-08-04T10:41:25+00:00\",\"breadcrumb\":{\"@id\":\"https:\\\/\\\/www.gunthergelatoitaliano.com\\\/2026\\\/07\\\/17\\\/dalle-dolomiti-allambasciata-francese-gunther-celebra-la-festa-nazionale-francese-a-roma\\\/#breadcrumb\"},\"inLanguage\":\"de\",\"potentialAction\":[{\"@type\":\"ReadAction\",\"target\":[\"https:\\\/\\\/www.gunthergelatoitaliano.com\\\/2026\\\/07\\\/17\\\/dalle-dolomiti-allambasciata-francese-gunther-celebra-la-festa-nazionale-francese-a-roma\\\/\"]}]},{\"@type\":\"ImageObject\",\"inLanguage\":\"de\",\"@id\":\"https:\\\/\\\/www.gunthergelatoitaliano.com\\\/2026\\\/07\\\/17\\\/dalle-dolomiti-allambasciata-francese-gunther-celebra-la-festa-nazionale-francese-a-roma\\\/#primaryimage\",\"url\":\"https:\\\/\\\/www.gunthergelatoitaliano.com\\\/wp-content\\\/uploads\\\/2026\\\/07\\\/Progetto-senza-titolo.jpg\",\"contentUrl\":\"https:\\\/\\\/www.gunthergelatoitaliano.com\\\/wp-content\\\/uploads\\\/2026\\\/07\\\/Progetto-senza-titolo.jpg\",\"width\":800,\"height\":1000},{\"@type\":\"BreadcrumbList\",\"@id\":\"https:\\\/\\\/www.gunthergelatoitaliano.com\\\/2026\\\/07\\\/17\\\/dalle-dolomiti-allambasciata-francese-gunther-celebra-la-festa-nazionale-francese-a-roma\\\/#breadcrumb\",\"itemListElement\":[{\"@type\":\"ListItem\",\"position\":1,\"name\":\"Home\",\"item\":\"https:\\\/\\\/www.gunthergelatoitaliano.com\\\/\"},{\"@type\":\"ListItem\",\"position\":2,\"name\":\"Dalle Dolomiti all\u2019Ambasciata Francese: G\u00dcNTHER alla Festa Nazionale Francese a Roma\"}]},{\"@type\":\"WebSite\",\"@id\":\"https:\\\/\\\/www.gunthergelatoitaliano.com\\\/#website\",\"url\":\"https:\\\/\\\/www.gunthergelatoitaliano.com\\\/\",\"name\":\"Gunther\",\"description\":\"Gelato Italiano\",\"publisher\":{\"@id\":\"https:\\\/\\\/www.gunthergelatoitaliano.com\\\/#organization\"},\"potentialAction\":[{\"@type\":\"SearchAction\",\"target\":{\"@type\":\"EntryPoint\",\"urlTemplate\":\"https:\\\/\\\/www.gunthergelatoitaliano.com\\\/?s={search_term_string}\"},\"query-input\":{\"@type\":\"PropertyValueSpecification\",\"valueRequired\":true,\"valueName\":\"search_term_string\"}}],\"inLanguage\":\"de\"},{\"@type\":\"Organization\",\"@id\":\"https:\\\/\\\/www.gunthergelatoitaliano.com\\\/#organization\",\"name\":\"Gunther\",\"url\":\"https:\\\/\\\/www.gunthergelatoitaliano.com\\\/\",\"logo\":{\"@type\":\"ImageObject\",\"inLanguage\":\"de\",\"@id\":\"https:\\\/\\\/www.gunthergelatoitaliano.com\\\/#\\\/schema\\\/logo\\\/image\\\/\",\"url\":\"https:\\\/\\\/www.gunthergelatoitaliano.com\\\/wp-content\\\/uploads\\\/2025\\\/03\\\/Gunther-Logo-_0000_black.png\",\"contentUrl\":\"https:\\\/\\\/www.gunthergelatoitaliano.com\\\/wp-content\\\/uploads\\\/2025\\\/03\\\/Gunther-Logo-_0000_black.png\",\"width\":2000,\"height\":2000,\"caption\":\"Gunther\"},\"image\":{\"@id\":\"https:\\\/\\\/www.gunthergelatoitaliano.com\\\/#\\\/schema\\\/logo\\\/image\\\/\"}},{\"@type\":\"Person\",\"@id\":\"https:\\\/\\\/www.gunthergelatoitaliano.com\\\/#\\\/schema\\\/person\\\/ac381fae6200c2cede448ed33ddc21a0\",\"name\":\"Redazione\",\"image\":{\"@type\":\"ImageObject\",\"inLanguage\":\"de\",\"@id\":\"https:\\\/\\\/secure.gravatar.com\\\/avatar\\\/85d074ba16e4f7974bb1a43f60319dbeba027ebf86f67088bd56822e795db391?s=96&d=mm&r=g\",\"url\":\"https:\\\/\\\/secure.gravatar.com\\\/avatar\\\/85d074ba16e4f7974bb1a43f60319dbeba027ebf86f67088bd56822e795db391?s=96&d=mm&r=g\",\"contentUrl\":\"https:\\\/\\\/secure.gravatar.com\\\/avatar\\\/85d074ba16e4f7974bb1a43f60319dbeba027ebf86f67088bd56822e795db391?s=96&d=mm&r=g\",\"caption\":\"Redazione\"},\"url\":\"https:\\\/\\\/www.gunthergelatoitaliano.com\\\/de\\\/author\\\/redazione\\\/\"}]}<\/script>\n<!-- \/ Yoast SEO plugin. -->","yoast_head_json":{"title":"Von den Dolomiten zur franz\u00f6sischen Botschaft: G\u00dcNTHER beim franz\u00f6sischen Nationalfeiertag in Rom - Gunther","robots":{"index":"index","follow":"follow","max-snippet":"max-snippet:-1","max-image-preview":"max-image-preview:large","max-video-preview":"max-video-preview:-1"},"canonical":"https:\/\/www.gunthergelatoitaliano.com\/de\/2026\/07\/17\/von-den-dolomiten-bis-zur-franzosischen-botschaft-feiert-gunther-den-franzosischen-nationalfeiertag-in-rom\/","og_locale":"de_DE","og_type":"article","og_title":"Dalle Dolomiti all\u2019Ambasciata Francese: G\u00dcNTHER alla Festa Nazionale Francese a Roma - Gunther","og_description":"Un legame storico che unisce l&#8217;eccellenza del gelato artigianale alla diplomazia internazionale nel cuore della Capitale. Da oltre dieci anni,\u00a0G\u00dcNTHER Gelato e Golosit\u00e0\u00a0rinnova con orgoglio la sua prestigiosa partnership con l\u2019Ambasciata di Francia in Italia, partecipando attivamente alle celebrazioni per la Festa Nazionale del 14 Luglio. Anche quest&#8217;anno, la splendida cornice di\u00a0Palazzo Farnese\u00a0\u2013 storico e [&hellip;]","og_url":"https:\/\/www.gunthergelatoitaliano.com\/de\/2026\/07\/17\/von-den-dolomiten-bis-zur-franzosischen-botschaft-feiert-gunther-den-franzosischen-nationalfeiertag-in-rom\/","og_site_name":"Gunther","article_published_time":"2026-07-17T10:56:52+00:00","article_modified_time":"2026-08-04T10:41:25+00:00","og_image":[{"width":800,"height":1000,"url":"https:\/\/www.gunthergelatoitaliano.com\/wp-content\/uploads\/2026\/07\/Progetto-senza-titolo.jpg","type":"image\/jpeg"}],"author":"Redazione","twitter_card":"summary_large_image","twitter_misc":{"Verfasst von":"Redazione","Gesch\u00e4tzte Lesezeit":"2\u00a0Minuten"},"schema":{"@context":"https:\/\/schema.org","@graph":[{"@type":"Article","@id":"https:\/\/www.gunthergelatoitaliano.com\/2026\/07\/17\/dalle-dolomiti-allambasciata-francese-gunther-celebra-la-festa-nazionale-francese-a-roma\/#article","isPartOf":{"@id":"https:\/\/www.gunthergelatoitaliano.com\/2026\/07\/17\/dalle-dolomiti-allambasciata-francese-gunther-celebra-la-festa-nazionale-francese-a-roma\/"},"author":{"name":"Redazione","@id":"https:\/\/www.gunthergelatoitaliano.com\/#\/schema\/person\/ac381fae6200c2cede448ed33ddc21a0"},"headline":"Dalle Dolomiti all\u2019Ambasciata Francese: G\u00dcNTHER alla Festa Nazionale Francese a Roma","datePublished":"2026-07-17T10:56:52+00:00","dateModified":"2026-08-04T10:41:25+00:00","mainEntityOfPage":{"@id":"https:\/\/www.gunthergelatoitaliano.com\/2026\/07\/17\/dalle-dolomiti-allambasciata-francese-gunther-celebra-la-festa-nazionale-francese-a-roma\/"},"wordCount":303,"publisher":{"@id":"https:\/\/www.gunthergelatoitaliano.com\/#organization"},"image":{"@id":"https:\/\/www.gunthergelatoitaliano.com\/2026\/07\/17\/dalle-dolomiti-allambasciata-francese-gunther-celebra-la-festa-nazionale-francese-a-roma\/#primaryimage"},"thumbnailUrl":"https:\/\/www.gunthergelatoitaliano.com\/wp-content\/uploads\/2026\/07\/Progetto-senza-titolo.jpg","articleSection":["News"],"inLanguage":"de"},{"@type":"WebPage","@id":"https:\/\/www.gunthergelatoitaliano.com\/2026\/07\/17\/dalle-dolomiti-allambasciata-francese-gunther-celebra-la-festa-nazionale-francese-a-roma\/","url":"https:\/\/www.gunthergelatoitaliano.com\/2026\/07\/17\/dalle-dolomiti-allambasciata-francese-gunther-celebra-la-festa-nazionale-francese-a-roma\/","name":"Von den Dolomiten zur franz\u00f6sischen Botschaft: G\u00dcNTHER beim franz\u00f6sischen Nationalfeiertag in Rom - Gunther","isPartOf":{"@id":"https:\/\/www.gunthergelatoitaliano.com\/#website"},"primaryImageOfPage":{"@id":"https:\/\/www.gunthergelatoitaliano.com\/2026\/07\/17\/dalle-dolomiti-allambasciata-francese-gunther-celebra-la-festa-nazionale-francese-a-roma\/#primaryimage"},"image":{"@id":"https:\/\/www.gunthergelatoitaliano.com\/2026\/07\/17\/dalle-dolomiti-allambasciata-francese-gunther-celebra-la-festa-nazionale-francese-a-roma\/#primaryimage"},"thumbnailUrl":"https:\/\/www.gunthergelatoitaliano.com\/wp-content\/uploads\/2026\/07\/Progetto-senza-titolo.jpg","datePublished":"2026-07-17T10:56:52+00:00","dateModified":"2026-08-04T10:41:25+00:00","breadcrumb":{"@id":"https:\/\/www.gunthergelatoitaliano.com\/2026\/07\/17\/dalle-dolomiti-allambasciata-francese-gunther-celebra-la-festa-nazionale-francese-a-roma\/#breadcrumb"},"inLanguage":"de","potentialAction":[{"@type":"ReadAction","target":["https:\/\/www.gunthergelatoitaliano.com\/2026\/07\/17\/dalle-dolomiti-allambasciata-francese-gunther-celebra-la-festa-nazionale-francese-a-roma\/"]}]},{"@type":"ImageObject","inLanguage":"de","@id":"https:\/\/www.gunthergelatoitaliano.com\/2026\/07\/17\/dalle-dolomiti-allambasciata-francese-gunther-celebra-la-festa-nazionale-francese-a-roma\/#primaryimage","url":"https:\/\/www.gunthergelatoitaliano.com\/wp-content\/uploads\/2026\/07\/Progetto-senza-titolo.jpg","contentUrl":"https:\/\/www.gunthergelatoitaliano.com\/wp-content\/uploads\/2026\/07\/Progetto-senza-titolo.jpg","width":800,"height":1000},{"@type":"BreadcrumbList","@id":"https:\/\/www.gunthergelatoitaliano.com\/2026\/07\/17\/dalle-dolomiti-allambasciata-francese-gunther-celebra-la-festa-nazionale-francese-a-roma\/#breadcrumb","itemListElement":[{"@type":"ListItem","position":1,"name":"Home","item":"https:\/\/www.gunthergelatoitaliano.com\/"},{"@type":"ListItem","position":2,"name":"Dalle Dolomiti all\u2019Ambasciata Francese: G\u00dcNTHER alla Festa Nazionale Francese a Roma"}]},{"@type":"WebSite","@id":"https:\/\/www.gunthergelatoitaliano.com\/#website","url":"https:\/\/www.gunthergelatoitaliano.com\/","name":"Gunther","description":"Italienisches Speiseeis","publisher":{"@id":"https:\/\/www.gunthergelatoitaliano.com\/#organization"},"potentialAction":[{"@type":"SearchAction","target":{"@type":"EntryPoint","urlTemplate":"https:\/\/www.gunthergelatoitaliano.com\/?s={search_term_string}"},"query-input":{"@type":"PropertyValueSpecification","valueRequired":true,"valueName":"search_term_string"}}],"inLanguage":"de"},{"@type":"Organization","@id":"https:\/\/www.gunthergelatoitaliano.com\/#organization","name":"Gunther","url":"https:\/\/www.gunthergelatoitaliano.com\/","logo":{"@type":"ImageObject","inLanguage":"de","@id":"https:\/\/www.gunthergelatoitaliano.com\/#\/schema\/logo\/image\/","url":"https:\/\/www.gunthergelatoitaliano.com\/wp-content\/uploads\/2025\/03\/Gunther-Logo-_0000_black.png","contentUrl":"https:\/\/www.gunthergelatoitaliano.com\/wp-content\/uploads\/2025\/03\/Gunther-Logo-_0000_black.png","width":2000,"height":2000,"caption":"Gunther"},"image":{"@id":"https:\/\/www.gunthergelatoitaliano.com\/#\/schema\/logo\/image\/"}},{"@type":"Person","@id":"https:\/\/www.gunthergelatoitaliano.com\/#\/schema\/person\/ac381fae6200c2cede448ed33ddc21a0","name":"Redaktionelle Mitarbeiter","image":{"@type":"ImageObject","inLanguage":"de","@id":"https:\/\/secure.gravatar.com\/avatar\/85d074ba16e4f7974bb1a43f60319dbeba027ebf86f67088bd56822e795db391?s=96&d=mm&r=g","url":"https:\/\/secure.gravatar.com\/avatar\/85d074ba16e4f7974bb1a43f60319dbeba027ebf86f67088bd56822e795db391?s=96&d=mm&r=g","contentUrl":"https:\/\/secure.gravatar.com\/avatar\/85d074ba16e4f7974bb1a43f60319dbeba027ebf86f67088bd56822e795db391?s=96&d=mm&r=g","caption":"Redazione"},"url":"https:\/\/www.gunthergelatoitaliano.com\/de\/author\/redazione\/"}]}},"_links":{"self":[{"href":"https:\/\/www.gunthergelatoitaliano.com\/de\/wp-json\/wp\/v2\/posts\/2028","targetHints":{"allow":["GET"]}}],"collection":[{"href":"https:\/\/www.gunthergelatoitaliano.com\/de\/wp-json\/wp\/v2\/posts"}],"about":[{"href":"https:\/\/www.gunthergelatoitaliano.com\/de\/wp-json\/wp\/v2\/types\/post"}],"author":[{"embeddable":true,"href":"https:\/\/www.gunthergelatoitaliano.com\/de\/wp-json\/wp\/v2\/users\/2"}],"replies":[{"embeddable":true,"href":"https:\/\/www.gunthergelatoitaliano.com\/de\/wp-json\/wp\/v2\/comments?post=2028"}],"version-history":[{"count":6,"href":"https:\/\/www.gunthergelatoitaliano.com\/de\/wp-json\/wp\/v2\/posts\/2028\/revisions"}],"predecessor-version":[{"id":2045,"href":"https:\/\/www.gunthergelatoitaliano.com\/de\/wp-json\/wp\/v2\/posts\/2028\/revisions\/2045"}],"wp:featuredmedia":[{"embeddable":true,"href":"https:\/\/www.gunthergelatoitaliano.com\/de\/wp-json\/wp\/v2\/media\/2038"}],"wp:attachment":[{"href":"https:\/\/www.gunthergelatoitaliano.com\/de\/wp-json\/wp\/v2\/media?parent=2028"}],"wp:term":[{"taxonomy":"category","embeddable":true,"href":"https:\/\/www.gunthergelatoitaliano.com\/de\/wp-json\/wp\/v2\/categories?post=2028"},{"taxonomy":"post_tag","embeddable":true,"href":"https:\/\/www.gunthergelatoitaliano.com\/de\/wp-json\/wp\/v2\/tags?post=2028"}],"curies":[{"name":"wp","href":"https:\/\/api.w.org\/{rel}","templated":true}]}}