{"id":2040,"date":"2026-08-04T12:36:33","date_gmt":"2026-08-04T10:36:33","guid":{"rendered":"https:\/\/www.gunthergelatoitaliano.com\/?p=2040"},"modified":"2026-08-04T12:39:30","modified_gmt":"2026-08-04T10:39:30","slug":"gunther-gelato-is-not-going-on-holiday-all-shops-open-in-august-between-rome-and-bolzano","status":"publish","type":"post","link":"https:\/\/www.gunthergelatoitaliano.com\/en\/2026\/08\/04\/gunther-gelato-non-va-in-vacanza-tutti-i-punti-vendita-aperti-ad-agosto-tra-roma-e-bolzano\/","title":{"rendered":"G\u00fcnther Gelato non va in vacanza: tutti i punti vendita aperti ad agosto tra Roma e Bolzano"},"content":{"rendered":"<p data-path-to-node=\"4\">Agosto \u00e8 nel vivo dell&#8217;estate e, che vi troviate tra il fascino senza tempo della Capitale o immersi nel fresco delle montagne altoatesine, il vero gelato dall\u2019<b data-path-to-node=\"4\" data-index-in-node=\"160\">Alpine Soul<\/b> \u00e8 pronto ad accompagnare le vostre giornate.<\/p>\n<p data-path-to-node=\"5\">All the ice cream parlours <b data-path-to-node=\"5\" data-index-in-node=\"19\">G\u00fcnther Gelato e Golosit\u00e0<\/b> indeed, they will remain <b data-path-to-node=\"5\" data-index-in-node=\"64\">regularly open throughout the whole month of August<\/b>, confermandosi un punto di riferimento per chi cerca una pausa rinfrescante all\u2019insegna della qualit\u00e0 artigianale e della ricerca sulle materie prime.<\/p>\n<h2 data-path-to-node=\"7\">Where to find us in August<\/h2>\n<ul data-path-to-node=\"8\">\n<li>\n<p data-path-to-node=\"8,0,0\"><b data-path-to-node=\"8,0,0\" data-index-in-node=\"0\">Roma \u2013 Pieno Centro Storico:<\/b><\/p>\n<p data-path-to-node=\"8,0,0\">Historic Roman shops continue to welcome residents and tourists hunting for relief from the summer heat:<\/p>\n<ul data-path-to-node=\"8,0,1\">\n<li>\n<p data-path-to-node=\"8,0,1,0,0\"><b data-path-to-node=\"8,0,1,0,0\" data-index-in-node=\"0\">Piazza Sant\u2019Eustachio 47<\/b><\/p>\n<\/li>\n<li>\n<p data-path-to-node=\"8,0,1,1,0\"><b data-path-to-node=\"8,0,1,1,0\" data-index-in-node=\"0\">Via dei Pettinari 43<\/b><\/p>\n<p id=\"p-rc_cf97c5f91c61a5c8-155\" data-path-to-node=\"8,0,1,1,1\">\n<\/li>\n<\/ul>\n<p data-path-to-node=\"8,0,2\">Due soste d&#8217;obbligo nel cuore della citt\u00e0 per gustare sorbetti leggeri, fruttati e realizzati con ricette &#8220;pulite&#8221;.<\/p>\n<\/li>\n<li>\n<p id=\"p-rc_cf97c5f91c61a5c8-156\" data-path-to-node=\"8,1,0\"><span data-path-to-node=\"8,1,0,0\"><b data-path-to-node=\"8,1,0,0\" data-index-in-node=\"0\">Bolzano \u2013 Il nuovo format al WaltherPark:<\/b> Per chi trascorre l&#8217;estate in Alto Adige, lo store di Bolzano \u00e8 attivo a pieno ritmo presso il <b data-path-to-node=\"8,1,0,0\" data-index-in-node=\"137\">WaltherPark<\/b> (Alto Adige Square)<\/span><span data-path-to-node=\"8,1,0,2\">. Qui l&#8217;offerta raddoppia: oltre ai classici gusti di gelato artigianale, potrete scoprire una proposta dedicata di pasticceria e caffetteria (come l&#8217;esclusivo <i data-path-to-node=\"8,1,0,2\" data-index-in-node=\"160\">Eis Caff\u00e8<\/i> was<\/span><span data-path-to-node=\"8,1,0,4\">.<\/span><\/p>\n<\/li>\n<\/ul>","protected":false},"excerpt":{"rendered":"<p>Agosto \u00e8 nel vivo dell&#8217;estate e, che vi troviate tra il fascino senza tempo della Capitale o immersi nel fresco delle montagne altoatesine, il vero gelato dall\u2019Anima Alpina \u00e8 pronto ad accompagnare le vostre giornate. Tutte le gelaterie G\u00fcnther Gelato e Golosit\u00e0 resteranno infatti regolarmente aperte per tutto il mese di agosto, confermandosi un punto [&hellip;]<\/p>\n","protected":false},"author":2,"featured_media":1739,"comment_status":"closed","ping_status":"closed","sticky":false,"template":"","format":"standard","meta":{"_acf_changed":false,"footnotes":""},"categories":[1],"tags":[],"class_list":["post-2040","post","type-post","status-publish","format-standard","has-post-thumbnail","hentry","category-news"],"acf":[],"yoast_head":"<!-- This site is optimized with the Yoast SEO plugin v28.4 - https:\/\/yoast.com\/product\/yoast-seo-wordpress\/ -->\n<title>G\u00fcnther Gelato non va in vacanza: tutti i punti vendita aperti ad agosto tra Roma e Bolzano - Gunther<\/title>\n<meta name=\"robots\" content=\"index, follow, max-snippet:-1, max-image-preview:large, max-video-preview:-1\" \/>\n<link rel=\"canonical\" href=\"https:\/\/www.gunthergelatoitaliano.com\/en\/2026\/08\/04\/gunther-gelato-is-not-going-on-holiday-all-shops-open-in-august-between-rome-and-bolzano\/\" \/>\n<meta property=\"og:locale\" content=\"en_GB\" \/>\n<meta property=\"og:type\" content=\"article\" \/>\n<meta property=\"og:title\" content=\"G\u00fcnther Gelato non va in vacanza: tutti i punti vendita aperti ad agosto tra Roma e Bolzano - Gunther\" \/>\n<meta property=\"og:description\" content=\"Agosto \u00e8 nel vivo dell&#8217;estate e, che vi troviate tra il fascino senza tempo della Capitale o immersi nel fresco delle montagne altoatesine, il vero gelato dall\u2019Anima Alpina \u00e8 pronto ad accompagnare le vostre giornate. Tutte le gelaterie G\u00fcnther Gelato e Golosit\u00e0 resteranno infatti regolarmente aperte per tutto il mese di agosto, confermandosi un punto [&hellip;]\" \/>\n<meta property=\"og:url\" content=\"https:\/\/www.gunthergelatoitaliano.com\/en\/2026\/08\/04\/gunther-gelato-is-not-going-on-holiday-all-shops-open-in-august-between-rome-and-bolzano\/\" \/>\n<meta property=\"og:site_name\" content=\"Gunther\" \/>\n<meta property=\"article:published_time\" content=\"2026-08-04T10:36:33+00:00\" \/>\n<meta property=\"article:modified_time\" content=\"2026-08-04T10:39:30+00:00\" \/>\n<meta property=\"og:image\" content=\"https:\/\/www.gunthergelatoitaliano.com\/wp-content\/uploads\/2025\/09\/250625-Gunther-42-scaled.jpg\" \/>\n\t<meta property=\"og:image:width\" content=\"2560\" \/>\n\t<meta property=\"og:image:height\" content=\"1707\" \/>\n\t<meta property=\"og:image:type\" content=\"image\/jpeg\" \/>\n<meta name=\"author\" content=\"Redazione\" \/>\n<meta name=\"twitter:card\" content=\"summary_large_image\" \/>\n<meta name=\"twitter:label1\" content=\"Written by\" \/>\n\t<meta name=\"twitter:data1\" content=\"Redazione\" \/>\n\t<meta name=\"twitter:label2\" content=\"Estimated reading time\" \/>\n\t<meta name=\"twitter:data2\" content=\"2 minutes\" \/>\n<script type=\"application\/ld+json\" class=\"yoast-schema-graph\">{\"@context\":\"https:\\\/\\\/schema.org\",\"@graph\":[{\"@type\":\"Article\",\"@id\":\"https:\\\/\\\/www.gunthergelatoitaliano.com\\\/2026\\\/08\\\/04\\\/gunther-gelato-non-va-in-vacanza-tutti-i-punti-vendita-aperti-ad-agosto-tra-roma-e-bolzano\\\/#article\",\"isPartOf\":{\"@id\":\"https:\\\/\\\/www.gunthergelatoitaliano.com\\\/2026\\\/08\\\/04\\\/gunther-gelato-non-va-in-vacanza-tutti-i-punti-vendita-aperti-ad-agosto-tra-roma-e-bolzano\\\/\"},\"author\":{\"name\":\"Redazione\",\"@id\":\"https:\\\/\\\/www.gunthergelatoitaliano.com\\\/#\\\/schema\\\/person\\\/ac381fae6200c2cede448ed33ddc21a0\"},\"headline\":\"G\u00fcnther Gelato non va in vacanza: tutti i punti vendita aperti ad agosto tra Roma e Bolzano\",\"datePublished\":\"2026-08-04T10:36:33+00:00\",\"dateModified\":\"2026-08-04T10:39:30+00:00\",\"mainEntityOfPage\":{\"@id\":\"https:\\\/\\\/www.gunthergelatoitaliano.com\\\/2026\\\/08\\\/04\\\/gunther-gelato-non-va-in-vacanza-tutti-i-punti-vendita-aperti-ad-agosto-tra-roma-e-bolzano\\\/\"},\"wordCount\":191,\"publisher\":{\"@id\":\"https:\\\/\\\/www.gunthergelatoitaliano.com\\\/#organization\"},\"image\":{\"@id\":\"https:\\\/\\\/www.gunthergelatoitaliano.com\\\/2026\\\/08\\\/04\\\/gunther-gelato-non-va-in-vacanza-tutti-i-punti-vendita-aperti-ad-agosto-tra-roma-e-bolzano\\\/#primaryimage\"},\"thumbnailUrl\":\"https:\\\/\\\/www.gunthergelatoitaliano.com\\\/wp-content\\\/uploads\\\/2025\\\/09\\\/250625-Gunther-42-scaled.jpg\",\"articleSection\":[\"News\"],\"inLanguage\":\"en-GB\"},{\"@type\":\"WebPage\",\"@id\":\"https:\\\/\\\/www.gunthergelatoitaliano.com\\\/2026\\\/08\\\/04\\\/gunther-gelato-non-va-in-vacanza-tutti-i-punti-vendita-aperti-ad-agosto-tra-roma-e-bolzano\\\/\",\"url\":\"https:\\\/\\\/www.gunthergelatoitaliano.com\\\/2026\\\/08\\\/04\\\/gunther-gelato-non-va-in-vacanza-tutti-i-punti-vendita-aperti-ad-agosto-tra-roma-e-bolzano\\\/\",\"name\":\"G\u00fcnther Gelato non va in vacanza: tutti i punti vendita aperti ad agosto tra Roma e Bolzano - Gunther\",\"isPartOf\":{\"@id\":\"https:\\\/\\\/www.gunthergelatoitaliano.com\\\/#website\"},\"primaryImageOfPage\":{\"@id\":\"https:\\\/\\\/www.gunthergelatoitaliano.com\\\/2026\\\/08\\\/04\\\/gunther-gelato-non-va-in-vacanza-tutti-i-punti-vendita-aperti-ad-agosto-tra-roma-e-bolzano\\\/#primaryimage\"},\"image\":{\"@id\":\"https:\\\/\\\/www.gunthergelatoitaliano.com\\\/2026\\\/08\\\/04\\\/gunther-gelato-non-va-in-vacanza-tutti-i-punti-vendita-aperti-ad-agosto-tra-roma-e-bolzano\\\/#primaryimage\"},\"thumbnailUrl\":\"https:\\\/\\\/www.gunthergelatoitaliano.com\\\/wp-content\\\/uploads\\\/2025\\\/09\\\/250625-Gunther-42-scaled.jpg\",\"datePublished\":\"2026-08-04T10:36:33+00:00\",\"dateModified\":\"2026-08-04T10:39:30+00:00\",\"breadcrumb\":{\"@id\":\"https:\\\/\\\/www.gunthergelatoitaliano.com\\\/2026\\\/08\\\/04\\\/gunther-gelato-non-va-in-vacanza-tutti-i-punti-vendita-aperti-ad-agosto-tra-roma-e-bolzano\\\/#breadcrumb\"},\"inLanguage\":\"en-GB\",\"potentialAction\":[{\"@type\":\"ReadAction\",\"target\":[\"https:\\\/\\\/www.gunthergelatoitaliano.com\\\/2026\\\/08\\\/04\\\/gunther-gelato-non-va-in-vacanza-tutti-i-punti-vendita-aperti-ad-agosto-tra-roma-e-bolzano\\\/\"]}]},{\"@type\":\"ImageObject\",\"inLanguage\":\"en-GB\",\"@id\":\"https:\\\/\\\/www.gunthergelatoitaliano.com\\\/2026\\\/08\\\/04\\\/gunther-gelato-non-va-in-vacanza-tutti-i-punti-vendita-aperti-ad-agosto-tra-roma-e-bolzano\\\/#primaryimage\",\"url\":\"https:\\\/\\\/www.gunthergelatoitaliano.com\\\/wp-content\\\/uploads\\\/2025\\\/09\\\/250625-Gunther-42-scaled.jpg\",\"contentUrl\":\"https:\\\/\\\/www.gunthergelatoitaliano.com\\\/wp-content\\\/uploads\\\/2025\\\/09\\\/250625-Gunther-42-scaled.jpg\",\"width\":2560,\"height\":1707},{\"@type\":\"BreadcrumbList\",\"@id\":\"https:\\\/\\\/www.gunthergelatoitaliano.com\\\/2026\\\/08\\\/04\\\/gunther-gelato-non-va-in-vacanza-tutti-i-punti-vendita-aperti-ad-agosto-tra-roma-e-bolzano\\\/#breadcrumb\",\"itemListElement\":[{\"@type\":\"ListItem\",\"position\":1,\"name\":\"Home\",\"item\":\"https:\\\/\\\/www.gunthergelatoitaliano.com\\\/\"},{\"@type\":\"ListItem\",\"position\":2,\"name\":\"G\u00fcnther Gelato non va in vacanza: tutti i punti vendita aperti ad agosto tra Roma e Bolzano\"}]},{\"@type\":\"WebSite\",\"@id\":\"https:\\\/\\\/www.gunthergelatoitaliano.com\\\/#website\",\"url\":\"https:\\\/\\\/www.gunthergelatoitaliano.com\\\/\",\"name\":\"Gunther\",\"description\":\"Gelato Italiano\",\"publisher\":{\"@id\":\"https:\\\/\\\/www.gunthergelatoitaliano.com\\\/#organization\"},\"potentialAction\":[{\"@type\":\"SearchAction\",\"target\":{\"@type\":\"EntryPoint\",\"urlTemplate\":\"https:\\\/\\\/www.gunthergelatoitaliano.com\\\/?s={search_term_string}\"},\"query-input\":{\"@type\":\"PropertyValueSpecification\",\"valueRequired\":true,\"valueName\":\"search_term_string\"}}],\"inLanguage\":\"en-GB\"},{\"@type\":\"Organization\",\"@id\":\"https:\\\/\\\/www.gunthergelatoitaliano.com\\\/#organization\",\"name\":\"Gunther\",\"url\":\"https:\\\/\\\/www.gunthergelatoitaliano.com\\\/\",\"logo\":{\"@type\":\"ImageObject\",\"inLanguage\":\"en-GB\",\"@id\":\"https:\\\/\\\/www.gunthergelatoitaliano.com\\\/#\\\/schema\\\/logo\\\/image\\\/\",\"url\":\"https:\\\/\\\/www.gunthergelatoitaliano.com\\\/wp-content\\\/uploads\\\/2025\\\/03\\\/Gunther-Logo-_0000_black.png\",\"contentUrl\":\"https:\\\/\\\/www.gunthergelatoitaliano.com\\\/wp-content\\\/uploads\\\/2025\\\/03\\\/Gunther-Logo-_0000_black.png\",\"width\":2000,\"height\":2000,\"caption\":\"Gunther\"},\"image\":{\"@id\":\"https:\\\/\\\/www.gunthergelatoitaliano.com\\\/#\\\/schema\\\/logo\\\/image\\\/\"}},{\"@type\":\"Person\",\"@id\":\"https:\\\/\\\/www.gunthergelatoitaliano.com\\\/#\\\/schema\\\/person\\\/ac381fae6200c2cede448ed33ddc21a0\",\"name\":\"Redazione\",\"image\":{\"@type\":\"ImageObject\",\"inLanguage\":\"en-GB\",\"@id\":\"https:\\\/\\\/secure.gravatar.com\\\/avatar\\\/85d074ba16e4f7974bb1a43f60319dbeba027ebf86f67088bd56822e795db391?s=96&d=mm&r=g\",\"url\":\"https:\\\/\\\/secure.gravatar.com\\\/avatar\\\/85d074ba16e4f7974bb1a43f60319dbeba027ebf86f67088bd56822e795db391?s=96&d=mm&r=g\",\"contentUrl\":\"https:\\\/\\\/secure.gravatar.com\\\/avatar\\\/85d074ba16e4f7974bb1a43f60319dbeba027ebf86f67088bd56822e795db391?s=96&d=mm&r=g\",\"caption\":\"Redazione\"},\"url\":\"https:\\\/\\\/www.gunthergelatoitaliano.com\\\/en\\\/author\\\/redazione\\\/\"}]}<\/script>\n<!-- \/ Yoast SEO plugin. -->","yoast_head_json":{"title":"G\u00fcnther Gelato is not taking a holiday: all shops open in August between Rome and Bolzano - Gunther","robots":{"index":"index","follow":"follow","max-snippet":"max-snippet:-1","max-image-preview":"max-image-preview:large","max-video-preview":"max-video-preview:-1"},"canonical":"https:\/\/www.gunthergelatoitaliano.com\/en\/2026\/08\/04\/gunther-gelato-is-not-going-on-holiday-all-shops-open-in-august-between-rome-and-bolzano\/","og_locale":"en_GB","og_type":"article","og_title":"G\u00fcnther Gelato non va in vacanza: tutti i punti vendita aperti ad agosto tra Roma e Bolzano - Gunther","og_description":"Agosto \u00e8 nel vivo dell&#8217;estate e, che vi troviate tra il fascino senza tempo della Capitale o immersi nel fresco delle montagne altoatesine, il vero gelato dall\u2019Anima Alpina \u00e8 pronto ad accompagnare le vostre giornate. Tutte le gelaterie G\u00fcnther Gelato e Golosit\u00e0 resteranno infatti regolarmente aperte per tutto il mese di agosto, confermandosi un punto [&hellip;]","og_url":"https:\/\/www.gunthergelatoitaliano.com\/en\/2026\/08\/04\/gunther-gelato-is-not-going-on-holiday-all-shops-open-in-august-between-rome-and-bolzano\/","og_site_name":"Gunther","article_published_time":"2026-08-04T10:36:33+00:00","article_modified_time":"2026-08-04T10:39:30+00:00","og_image":[{"width":2560,"height":1707,"url":"https:\/\/www.gunthergelatoitaliano.com\/wp-content\/uploads\/2025\/09\/250625-Gunther-42-scaled.jpg","type":"image\/jpeg"}],"author":"Redazione","twitter_card":"summary_large_image","twitter_misc":{"Written by":"Redazione","Estimated reading time":"2 minutes"},"schema":{"@context":"https:\/\/schema.org","@graph":[{"@type":"Article","@id":"https:\/\/www.gunthergelatoitaliano.com\/2026\/08\/04\/gunther-gelato-non-va-in-vacanza-tutti-i-punti-vendita-aperti-ad-agosto-tra-roma-e-bolzano\/#article","isPartOf":{"@id":"https:\/\/www.gunthergelatoitaliano.com\/2026\/08\/04\/gunther-gelato-non-va-in-vacanza-tutti-i-punti-vendita-aperti-ad-agosto-tra-roma-e-bolzano\/"},"author":{"name":"Redazione","@id":"https:\/\/www.gunthergelatoitaliano.com\/#\/schema\/person\/ac381fae6200c2cede448ed33ddc21a0"},"headline":"G\u00fcnther Gelato non va in vacanza: tutti i punti vendita aperti ad agosto tra Roma e Bolzano","datePublished":"2026-08-04T10:36:33+00:00","dateModified":"2026-08-04T10:39:30+00:00","mainEntityOfPage":{"@id":"https:\/\/www.gunthergelatoitaliano.com\/2026\/08\/04\/gunther-gelato-non-va-in-vacanza-tutti-i-punti-vendita-aperti-ad-agosto-tra-roma-e-bolzano\/"},"wordCount":191,"publisher":{"@id":"https:\/\/www.gunthergelatoitaliano.com\/#organization"},"image":{"@id":"https:\/\/www.gunthergelatoitaliano.com\/2026\/08\/04\/gunther-gelato-non-va-in-vacanza-tutti-i-punti-vendita-aperti-ad-agosto-tra-roma-e-bolzano\/#primaryimage"},"thumbnailUrl":"https:\/\/www.gunthergelatoitaliano.com\/wp-content\/uploads\/2025\/09\/250625-Gunther-42-scaled.jpg","articleSection":["News"],"inLanguage":"en-GB"},{"@type":"WebPage","@id":"https:\/\/www.gunthergelatoitaliano.com\/2026\/08\/04\/gunther-gelato-non-va-in-vacanza-tutti-i-punti-vendita-aperti-ad-agosto-tra-roma-e-bolzano\/","url":"https:\/\/www.gunthergelatoitaliano.com\/2026\/08\/04\/gunther-gelato-non-va-in-vacanza-tutti-i-punti-vendita-aperti-ad-agosto-tra-roma-e-bolzano\/","name":"G\u00fcnther Gelato is not taking a holiday: all shops open in August between Rome and Bolzano - Gunther","isPartOf":{"@id":"https:\/\/www.gunthergelatoitaliano.com\/#website"},"primaryImageOfPage":{"@id":"https:\/\/www.gunthergelatoitaliano.com\/2026\/08\/04\/gunther-gelato-non-va-in-vacanza-tutti-i-punti-vendita-aperti-ad-agosto-tra-roma-e-bolzano\/#primaryimage"},"image":{"@id":"https:\/\/www.gunthergelatoitaliano.com\/2026\/08\/04\/gunther-gelato-non-va-in-vacanza-tutti-i-punti-vendita-aperti-ad-agosto-tra-roma-e-bolzano\/#primaryimage"},"thumbnailUrl":"https:\/\/www.gunthergelatoitaliano.com\/wp-content\/uploads\/2025\/09\/250625-Gunther-42-scaled.jpg","datePublished":"2026-08-04T10:36:33+00:00","dateModified":"2026-08-04T10:39:30+00:00","breadcrumb":{"@id":"https:\/\/www.gunthergelatoitaliano.com\/2026\/08\/04\/gunther-gelato-non-va-in-vacanza-tutti-i-punti-vendita-aperti-ad-agosto-tra-roma-e-bolzano\/#breadcrumb"},"inLanguage":"en-GB","potentialAction":[{"@type":"ReadAction","target":["https:\/\/www.gunthergelatoitaliano.com\/2026\/08\/04\/gunther-gelato-non-va-in-vacanza-tutti-i-punti-vendita-aperti-ad-agosto-tra-roma-e-bolzano\/"]}]},{"@type":"ImageObject","inLanguage":"en-GB","@id":"https:\/\/www.gunthergelatoitaliano.com\/2026\/08\/04\/gunther-gelato-non-va-in-vacanza-tutti-i-punti-vendita-aperti-ad-agosto-tra-roma-e-bolzano\/#primaryimage","url":"https:\/\/www.gunthergelatoitaliano.com\/wp-content\/uploads\/2025\/09\/250625-Gunther-42-scaled.jpg","contentUrl":"https:\/\/www.gunthergelatoitaliano.com\/wp-content\/uploads\/2025\/09\/250625-Gunther-42-scaled.jpg","width":2560,"height":1707},{"@type":"BreadcrumbList","@id":"https:\/\/www.gunthergelatoitaliano.com\/2026\/08\/04\/gunther-gelato-non-va-in-vacanza-tutti-i-punti-vendita-aperti-ad-agosto-tra-roma-e-bolzano\/#breadcrumb","itemListElement":[{"@type":"ListItem","position":1,"name":"Home","item":"https:\/\/www.gunthergelatoitaliano.com\/"},{"@type":"ListItem","position":2,"name":"G\u00fcnther Gelato non va in vacanza: tutti i punti vendita aperti ad agosto tra Roma e Bolzano"}]},{"@type":"WebSite","@id":"https:\/\/www.gunthergelatoitaliano.com\/#website","url":"https:\/\/www.gunthergelatoitaliano.com\/","name":"Gunther","description":"Italian Ice Cream","publisher":{"@id":"https:\/\/www.gunthergelatoitaliano.com\/#organization"},"potentialAction":[{"@type":"SearchAction","target":{"@type":"EntryPoint","urlTemplate":"https:\/\/www.gunthergelatoitaliano.com\/?s={search_term_string}"},"query-input":{"@type":"PropertyValueSpecification","valueRequired":true,"valueName":"search_term_string"}}],"inLanguage":"en-GB"},{"@type":"Organization","@id":"https:\/\/www.gunthergelatoitaliano.com\/#organization","name":"Gunther","url":"https:\/\/www.gunthergelatoitaliano.com\/","logo":{"@type":"ImageObject","inLanguage":"en-GB","@id":"https:\/\/www.gunthergelatoitaliano.com\/#\/schema\/logo\/image\/","url":"https:\/\/www.gunthergelatoitaliano.com\/wp-content\/uploads\/2025\/03\/Gunther-Logo-_0000_black.png","contentUrl":"https:\/\/www.gunthergelatoitaliano.com\/wp-content\/uploads\/2025\/03\/Gunther-Logo-_0000_black.png","width":2000,"height":2000,"caption":"Gunther"},"image":{"@id":"https:\/\/www.gunthergelatoitaliano.com\/#\/schema\/logo\/image\/"}},{"@type":"Person","@id":"https:\/\/www.gunthergelatoitaliano.com\/#\/schema\/person\/ac381fae6200c2cede448ed33ddc21a0","name":"Editorial staff","image":{"@type":"ImageObject","inLanguage":"en-GB","@id":"https:\/\/secure.gravatar.com\/avatar\/85d074ba16e4f7974bb1a43f60319dbeba027ebf86f67088bd56822e795db391?s=96&d=mm&r=g","url":"https:\/\/secure.gravatar.com\/avatar\/85d074ba16e4f7974bb1a43f60319dbeba027ebf86f67088bd56822e795db391?s=96&d=mm&r=g","contentUrl":"https:\/\/secure.gravatar.com\/avatar\/85d074ba16e4f7974bb1a43f60319dbeba027ebf86f67088bd56822e795db391?s=96&d=mm&r=g","caption":"Redazione"},"url":"https:\/\/www.gunthergelatoitaliano.com\/en\/author\/redazione\/"}]}},"_links":{"self":[{"href":"https:\/\/www.gunthergelatoitaliano.com\/en\/wp-json\/wp\/v2\/posts\/2040","targetHints":{"allow":["GET"]}}],"collection":[{"href":"https:\/\/www.gunthergelatoitaliano.com\/en\/wp-json\/wp\/v2\/posts"}],"about":[{"href":"https:\/\/www.gunthergelatoitaliano.com\/en\/wp-json\/wp\/v2\/types\/post"}],"author":[{"embeddable":true,"href":"https:\/\/www.gunthergelatoitaliano.com\/en\/wp-json\/wp\/v2\/users\/2"}],"replies":[{"embeddable":true,"href":"https:\/\/www.gunthergelatoitaliano.com\/en\/wp-json\/wp\/v2\/comments?post=2040"}],"version-history":[{"count":3,"href":"https:\/\/www.gunthergelatoitaliano.com\/en\/wp-json\/wp\/v2\/posts\/2040\/revisions"}],"predecessor-version":[{"id":2043,"href":"https:\/\/www.gunthergelatoitaliano.com\/en\/wp-json\/wp\/v2\/posts\/2040\/revisions\/2043"}],"wp:featuredmedia":[{"embeddable":true,"href":"https:\/\/www.gunthergelatoitaliano.com\/en\/wp-json\/wp\/v2\/media\/1739"}],"wp:attachment":[{"href":"https:\/\/www.gunthergelatoitaliano.com\/en\/wp-json\/wp\/v2\/media?parent=2040"}],"wp:term":[{"taxonomy":"category","embeddable":true,"href":"https:\/\/www.gunthergelatoitaliano.com\/en\/wp-json\/wp\/v2\/categories?post=2040"},{"taxonomy":"post_tag","embeddable":true,"href":"https:\/\/www.gunthergelatoitaliano.com\/en\/wp-json\/wp\/v2\/tags?post=2040"}],"curies":[{"name":"wp","href":"https:\/\/api.w.org\/{rel}","templated":true}]}}